{"id":5135,"date":"2023-01-27T20:57:51","date_gmt":"2023-01-27T20:57:51","guid":{"rendered":"http:\/\/radionorteatacama.cl\/?p=5135"},"modified":"2023-01-27T20:57:52","modified_gmt":"2023-01-27T20:57:52","slug":"ministro-de-economia-nicolas-grau-dialogo-con-actoreseconomicos-en-visita-a-la-region-de-atacama","status":"publish","type":"post","link":"https:\/\/radionorteatacama.cl\/index.php\/2023\/01\/27\/ministro-de-economia-nicolas-grau-dialogo-con-actoreseconomicos-en-visita-a-la-region-de-atacama\/","title":{"rendered":"Ministro de Econom\u00eda Nicol\u00e1s Grau dialog\u00f3 con actores<br>econ\u00f3micos en visita a la Regi\u00f3n de Atacama"},"content":{"rendered":"<div class='booster-block booster-read-block'>\n                <div class=\"twp-read-time\">\n                \t<i class=\"booster-icon twp-clock\"><\/i> <span>Read Time:<\/span>4 Minute, 45 Second                <\/div>\n\n            <\/div>\n<p>En la UDA se desarroll\u00f3 un Di\u00e1logo Participativo liderado por el ministro de<br>econom\u00eda, fomento y turismo Nicol\u00e1s Grau, cuyo objetivo fue conversar en torno a la<br>construcci\u00f3n de una visi\u00f3n com\u00fan para el desarrollo productivo. El secretario de<br>estado expuso sobre los principales desaf\u00edos que enfrenta la econom\u00eda chilena en un<br>encuentro donde se abordaron las transformaciones que se requieren para superar<br>problemas estructurales de su funcionamiento, tales como estancamiento productivo,<br>desigualdad social y la crisis clim\u00e1tica.<\/p>\n\n\n\n<p>En la Universidad de Atacama se dieron cita autoridades de nivel comunal, regional y<br>nacional, as\u00ed como dirigentes y representantes de trabajadores, gremios y el mundo<br>acad\u00e9mico para abordar los principales desaf\u00edos de la econom\u00eda regional. En la ocasi\u00f3n se<br>debati\u00f3 sobre un modelo de desarrollo que permita dejar atr\u00e1s problemas estructurales<br>como el estancamiento productivo y la desigualdad social, haci\u00e9ndose cargo tambi\u00e9n de la<br>crisis clim\u00e1tica en el contexto mundial actual.<br>La reuni\u00f3n estuvo liderada por el ministro de econom\u00eda, fomento y turismo Nicol\u00e1s Grau,<br>quien viaj\u00f3 hasta la regi\u00f3n buscando impulsar una discusi\u00f3n del modelo que convoque a<br>distintos actores sociales. \u201cHemos tenido una muy buena jornada esta ma\u00f1ana para efectos<br>de poder discutir nuestra estrategia de desarrollo y con un fuerte protagonismo de las<br>regiones. Han participado representantes de la gran empresa, de las empresas de menor<br>tama\u00f1o y representantes de las y los trabajadores. Hemos conversado c\u00f3mo una estrategia<br>de desarrollo hay que desarrollarla en torno a tres grandes desaf\u00edos como pa\u00eds\u201d.<br>El ministro relev\u00f3 papel de los gobiernos regionales en este sentido, indicando que \u201cel<br>Gobierno Regional tenga una rol muy importante en lo productivo y se requiere ir<br>construyendo una visi\u00f3n com\u00fan entre los distintos actores de manera tal que cuando vayan<br>pasando los distintos gobiernos se sostengan las visiones de desarrollo porque son sentidas<br>por una gran parte de la poblaci\u00f3n\u201d.<br>Por su parte el gobernador regional de Atacama, Miguel Vargas Correa, se\u00f1al\u00f3 tras la<br>actividad la importancia de considerar a las regiones, \u201ctodo modelo de desarrollo tiene que<br>recoger las particularidades que tienen los territorios. Hemos hablado de las vocaciones<br>productivas, que analicemos con mucha detenci\u00f3n qu\u00e9 es lo que queremos en Atacama<br>hacia el futuro. Esto coincide con el desarrollo de la Estrategia de Desarrollo Regional que<br>est\u00e1 en pleno proceso trabajando muy de la mano con la Universidad de Atacama.<br>Confiamos plenamente que este es el camino\u201d, manifest\u00f3 la autoridad regional.<br>A su vez el delegado presidencial, Christian Fuentes, destac\u00f3 la participaci\u00f3n activa de<br>distintos sectores sociales, \u201cbuscando entre todos, construir y proponer, un modelo de<br>desarrollo sostenible. Aqu\u00ed han aparecido importantes contenidos, importantes elementos<br>que nos dan un muy buen pie en cuanto a seguir desarrollando esta pol\u00edtica en la regi\u00f3n,<br>tenemos importante informaci\u00f3n desde el mundo de las empresas, de los trabajadores, de<br>los emprendedores para conocer c\u00f3mo Atacama ve un nuevo modelo de desarrollo\u201d.<\/p>\n\n\n\n<p>Por su parte la seremi de gobierno, Sof\u00eda Vargas Roberts, manifest\u00f3 su conformidad tras el<br>encuentro destacando la voluntad dialogante de la actual administraci\u00f3n. \u201cQuiero destacar<br>la cercan\u00eda que demuestra el Presidente Gabriel Boric, al solicitarle a su gabinete visitar las<br>regiones y en este caso impulsar di\u00e1logos en torno a un tema tan importante como el<br>modelo de desarrollo. En el programa de transformaci\u00f3n que considera desde el primer<br>momento una transici\u00f3n socio econ\u00f3mica justa y un pilar fundamental de ello es el tejido<br>social. Aqu\u00ed se unen la academia, la sociedad civil, trabajadores, empresas y estado para<br>encontrarnos en torno al desarrollo de nuestra zona\u201d, manifest\u00f3 la autoridad regional.<br>El alcalde de Vallenar, Armando Flores, se\u00f1al\u00f3 sus observaciones sobre la actual forma de<br>concebir el desarrollo para la capital de la Provincia del Huasco, \u201cnuestra comuna de<br>Vallenar es el mejor ejemplo de que el modelo que se viene generando para producir el<br>desarrollo econ\u00f3mico y ambiental, no es el m\u00e1s adecuado. Hay que modificarlo. Estamos<br>muy contentos de que se haya desarrollado esta actividad porque nos permite interactuar<br>desde el nivel central y regional a objeto de ir cambiando este modelo\u201d.<br>Emilio D\u00edaz Aguilera, presidente de la CUT Provincial Copiap\u00f3 indic\u00f3 tras la cita que \u201cla<br>mirada desde el mundo del trabajo siempre es lo m\u00e1s importante. Es la escencia para<br>nuestra central, El di\u00e1logo es donde se pueden debatir las cosas y se puede avanzar. Es<br>una instancia muy positiva y propositiva para el mundo del trabajo. Pusimos en table lo que<br>es nuestra solicitud, que nuestro trabajo sea decente, permanente y seguro.<br>Francisco Carvajal, Gerente General de Compa\u00f1\u00eda Minera del Pac\u00edfico CMP, tambi\u00e9n fue<br>parte del encuentro y manifest\u00f3 \u201cagradecer al Ministerio de Econom\u00eda como al Gobierno<br>Regional de invitarnos a este di\u00e1logo, a esta reflexi\u00f3n sobre el desarrollo productivo<br>sustentable de nuestra regi\u00f3n, en conjunto con otros actores del ecosistema productivo<br>regional que pudimos opinar y escuchar las visiones que tienen nuestras autoridades sobre<br>el desarrollo futuro y pudimos intercambiar visiones, que no siempre tienen que ser las<br>mismas, pero en la diversidad se va enriqueciendo el an\u00e1lisis. Estoy seguro que todos<br>vamos a aprender y crecer en esta reflexi\u00f3n\u201d.<br>Rosa Far\u00edas Zamora es integrante de la AGMECH Huasco Napinas de Huasco Bajo, que se<br>dedican a la producci\u00f3n artesanal de alimentos y el turismo, entre otros rubros se\u00f1al\u00f3<br>despu\u00e9s de la actividad que \u201cfue bastante interesante porque estamos todos vinculados y lo<br>importante es llegar a un consenso y una articulaci\u00f3n para lograr beneficios para nosotras<br>como mujeres. Que tengamos acceso y se abran nuevos horizontes, porque escuchamos<br>mucho de miner\u00eda, pero \u00bfqu\u00e9 pasa con quienes de chicas ten\u00edamos otros sue\u00f1os? Y<br>tuvimos que quedarnos ac\u00e1 porque no hab\u00eda m\u00e1s oferta\u201d.<br>De esta manera el gobierno busca seguir impulsando puntos de encuentro entre distintos<br>sectores de la sociedad, los cuales apuntan a restablecer el tejido social de nuestro pa\u00eds y<br>regi\u00f3n, invitando a encontrar medidas y enfoque que ayuden a enfrentar de mejor manera<br>los cambios y contexto que enfrenta nuestro pa\u00eds en el contexto econ\u00f3mico internacional, y<br>donde se busca dinamizar y hacer crecer la econom\u00eda, sin perder de vista la participaci\u00f3n<br>ciudadana y el respeto por el medio ambiente.<\/p>\n        <div class=\"booster-block booster-reactions-block\">\n            <div class=\"twp-reactions-icons\">\n                \n                <div class=\"twp-reacts-wrap\">\n                    <a react-data=\"be-react-1\" post-id=\"5135\" class=\"be-face-icons un-reacted\" href=\"javascript:void(0)\">\n                        <img decoding=\"async\" src=\"https:\/\/radionorteatacama.cl\/wp-content\/plugins\/booster-extension\/\/assets\/icon\/happy.svg\" alt=\"Happy\">\n                    <\/a>\n                    <div class=\"twp-reaction-title\">\n                        Happy                    <\/div>\n                    <div class=\"twp-count-percent\">\n                                                    <span style=\"display: none;\" class=\"twp-react-count\">0<\/span>\n                        \n                                                <span class=\"twp-react-percent\"><span>0<\/span> %<\/span>\n                                            <\/div>\n                <\/div>\n\n                <div class=\"twp-reacts-wrap\">\n                    <a react-data=\"be-react-2\" post-id=\"5135\" class=\"be-face-icons un-reacted\" href=\"javascript:void(0)\">\n                        <img decoding=\"async\" src=\"https:\/\/radionorteatacama.cl\/wp-content\/plugins\/booster-extension\/\/assets\/icon\/sad.svg\" alt=\"Sad\">\n                    <\/a>\n                    <div class=\"twp-reaction-title\">\n                        Sad                    <\/div>\n                    <div class=\"twp-count-percent\">\n                                                    <span style=\"display: none;\" class=\"twp-react-count\">0<\/span>\n                                                                        <span class=\"twp-react-percent\"><span>0<\/span> %<\/span>\n                                            <\/div>\n                <\/div>\n\n                <div class=\"twp-reacts-wrap\">\n                    <a react-data=\"be-react-3\" post-id=\"5135\" class=\"be-face-icons un-reacted\" href=\"javascript:void(0)\">\n                        <img decoding=\"async\" src=\"https:\/\/radionorteatacama.cl\/wp-content\/plugins\/booster-extension\/\/assets\/icon\/excited.svg\" alt=\"Excited\">\n                    <\/a>\n                    <div class=\"twp-reaction-title\">\n                        Excited                    <\/div>\n                    <div class=\"twp-count-percent\">\n                                                    <span style=\"display: none;\" class=\"twp-react-count\">0<\/span>\n                                                                        <span class=\"twp-react-percent\"><span>0<\/span> %<\/span>\n                                            <\/div>\n                <\/div>\n\n                <div class=\"twp-reacts-wrap\">\n                    <a react-data=\"be-react-6\" post-id=\"5135\" class=\"be-face-icons un-reacted\" href=\"javascript:void(0)\">\n                        <img decoding=\"async\" src=\"https:\/\/radionorteatacama.cl\/wp-content\/plugins\/booster-extension\/\/assets\/icon\/sleepy.svg\" alt=\"Sleepy\">\n                    <\/a>\n                    <div class=\"twp-reaction-title\">\n                        Sleepy                    <\/div>\n                    <div class=\"twp-count-percent\">\n                                                    <span style=\"display: none;\" class=\"twp-react-count\">0<\/span>\n                        \n                                                <span class=\"twp-react-percent\"><span>0<\/span> %<\/span>\n                                            <\/div>\n                <\/div>\n\n                <div class=\"twp-reacts-wrap\">\n                    <a react-data=\"be-react-4\" post-id=\"5135\" class=\"be-face-icons un-reacted\" href=\"javascript:void(0)\">\n                        <img decoding=\"async\" src=\"https:\/\/radionorteatacama.cl\/wp-content\/plugins\/booster-extension\/\/assets\/icon\/angry.svg\" alt=\"Angry\">\n                    <\/a>\n                    <div class=\"twp-reaction-title\">Angry<\/div>\n                    <div class=\"twp-count-percent\">\n                                                    <span style=\"display: none;\" class=\"twp-react-count\">0<\/span>\n                                                                        <span class=\"twp-react-percent\"><span>0<\/span> %<\/span>\n                        \n                    <\/div>\n                <\/div>\n\n                <div class=\"twp-reacts-wrap\">\n                    <a react-data=\"be-react-5\" post-id=\"5135\" class=\"be-face-icons un-reacted\" href=\"javascript:void(0)\">\n                        <img decoding=\"async\" src=\"https:\/\/radionorteatacama.cl\/wp-content\/plugins\/booster-extension\/\/assets\/icon\/surprise.svg\" alt=\"Surprise\">\n                    <\/a>\n                    <div class=\"twp-reaction-title\">Surprise<\/div>\n                    <div class=\"twp-count-percent\">\n                                                    <span style=\"display: none;\" class=\"twp-react-count\">0<\/span>\n                                                                        <span class=\"twp-react-percent\"><span>0<\/span> %<\/span>\n                                            <\/div>\n                <\/div>\n\n            <\/div>\n        <\/div>\n\n    ","protected":false},"excerpt":{"rendered":"<p>En la UDA se desarroll\u00f3 un Di\u00e1logo Participativo liderado por el ministro deeconom\u00eda, fomento y turismo Nicol\u00e1s Grau, cuyo objetivo fue conversar en torno a laconstrucci\u00f3n de una visi\u00f3n com\u00fan para el desarrollo productivo. El secretario deestado expuso sobre los principales desaf\u00edos que enfrenta la econom\u00eda chilena en unencuentro donde se abordaron las transformaciones que [&hellip;]<\/p>\n","protected":false},"author":1,"featured_media":0,"comment_status":"open","ping_status":"open","sticky":false,"template":"","format":"standard","meta":{"_joinchat":[],"footnotes":""},"categories":[1],"tags":[],"class_list":["post-5135","post","type-post","status-publish","format-standard","hentry","category-uncategorized"],"jetpack_featured_media_url":"","blog_post_layout_featured_media_urls":{"thumbnail":"","full":""},"categories_names":{"1":{"name":"Uncategorized","link":"https:\/\/radionorteatacama.cl\/index.php\/category\/uncategorized\/"}},"tags_names":[],"comments_number":"2","_links":{"self":[{"href":"https:\/\/radionorteatacama.cl\/index.php\/wp-json\/wp\/v2\/posts\/5135","targetHints":{"allow":["GET"]}}],"collection":[{"href":"https:\/\/radionorteatacama.cl\/index.php\/wp-json\/wp\/v2\/posts"}],"about":[{"href":"https:\/\/radionorteatacama.cl\/index.php\/wp-json\/wp\/v2\/types\/post"}],"author":[{"embeddable":true,"href":"https:\/\/radionorteatacama.cl\/index.php\/wp-json\/wp\/v2\/users\/1"}],"replies":[{"embeddable":true,"href":"https:\/\/radionorteatacama.cl\/index.php\/wp-json\/wp\/v2\/comments?post=5135"}],"version-history":[{"count":1,"href":"https:\/\/radionorteatacama.cl\/index.php\/wp-json\/wp\/v2\/posts\/5135\/revisions"}],"predecessor-version":[{"id":5136,"href":"https:\/\/radionorteatacama.cl\/index.php\/wp-json\/wp\/v2\/posts\/5135\/revisions\/5136"}],"wp:attachment":[{"href":"https:\/\/radionorteatacama.cl\/index.php\/wp-json\/wp\/v2\/media?parent=5135"}],"wp:term":[{"taxonomy":"category","embeddable":true,"href":"https:\/\/radionorteatacama.cl\/index.php\/wp-json\/wp\/v2\/categories?post=5135"},{"taxonomy":"post_tag","embeddable":true,"href":"https:\/\/radionorteatacama.cl\/index.php\/wp-json\/wp\/v2\/tags?post=5135"}],"curies":[{"name":"wp","href":"https:\/\/api.w.org\/{rel}","templated":true}]}}