{"id":5133,"date":"2023-01-27T20:55:47","date_gmt":"2023-01-27T20:55:47","guid":{"rendered":"http:\/\/radionorteatacama.cl\/?p=5133"},"modified":"2023-01-27T20:55:47","modified_gmt":"2023-01-27T20:55:47","slug":"gobernador-de-atacama-se-reune-con-170-representantes-deagrupaciones-sociales-que-promueven-la-inclusion-en-la-region","status":"publish","type":"post","link":"https:\/\/radionorteatacama.cl\/index.php\/2023\/01\/27\/gobernador-de-atacama-se-reune-con-170-representantes-deagrupaciones-sociales-que-promueven-la-inclusion-en-la-region\/","title":{"rendered":"GOBERNADOR DE ATACAMA SE RE\u00daNE CON 170 REPRESENTANTES DE<br>AGRUPACIONES SOCIALES QUE PROMUEVEN LA INCLUSI\u00d3N EN LA REGI\u00d3N"},"content":{"rendered":"<div class='booster-block booster-read-block'>\n                <div class=\"twp-read-time\">\n                \t<i class=\"booster-icon twp-clock\"><\/i> <span>Read Time:<\/span>2 Minute, 8 Second                <\/div>\n\n            <\/div>\n<p>Una nueva jornada de participaci\u00f3n ciudadana se llev\u00f3 a cabo en el marco del programa<br>\u201cGenerando Espacios de Participaci\u00f3n Ciudadana con Actores de la Sociedad Civil Atacame\u00f1a\u201d que<br>impulsa el gobierno regional y que esta vez, cont\u00f3 con la participaci\u00f3n 170 dirigentes y dirigentas<br>de diferentes asociaciones, fundaciones y organizaciones sociales dedicadas a fomentar e<br>incentivar la inclusi\u00f3n en Atacama.<\/p>\n\n\n\n<p>A trav\u00e9s de estas instancias se logra crear la integraci\u00f3n de diversas comunidades, provenientes de<br>las nueve comunas de la regi\u00f3n, generando un di\u00e1logo e interacci\u00f3n con la primera autoridad<br>regional y as\u00ed comunicar sus principales necesidades y problem\u00e1ticas que enfrenta cada<br>agrupaci\u00f3n en cuanto a la postulaci\u00f3n de proyectos y programas que ayuden al financiamiento y<br>difusi\u00f3n de sus actividades.<br>Sobre estos encuentros sociales con diversas agrupaciones el Gobernador de Atacama, Miguel<br>Vargas Correa, indic\u00f3 que \u201cBueno, lo primero, decir o reafirmar el compromiso del Gobierno<br>Regional de Atacama con el di\u00e1logo constante y la gesti\u00f3n participativa, porque estimamos que es<br>la forma de llegar a buenos acuerdos y de avanzar en aquellos proyectos y programas que la<br>regi\u00f3n requiere con sentido de urgencia. Valoramos mucho la participaci\u00f3n de los dirigentes y<br>dirigentas sociales, de las propuestas y de las ideas\u201d.<br>Respecto al compromiso del Gobierno Regional de seguir llevando a cabo este tipo de reuniones,<br>la autoridad coment\u00f3 que \u201cHay un compromiso claro de sistematizar cada una de las opiniones<br>expresadas en grupos de trabajo, de volver a juntarnos en pr\u00f3ximamente, en el transcurso del<br>primer semestre del presente a\u00f1o, de transformar todas estas propuestas en planes, programas<br>de acci\u00f3n, porque eso es tambi\u00e9n lo que demanda la comunidad, pero creemos que es relevante<br>el que sigamos dialogando con la comunidad. La democracia participativa es lo que necesitamos<br>para seguir consolidando este gran proyecto que es seguir construyendo entre todos y todas una<br>mejor Regi\u00f3n de Atacama\u201d.<br>Por su parte, Patricia Alarc\u00f3n, presidenta de la agrupaci\u00f3n \u201cTu mundo, Mi mundo\u201d de Tierra<br>Amarilla manifest\u00f3 que \u201cBueno, son instancias en la que uno puede convocar, cierto, conocer<br>otras organizaciones que est\u00e9n en la misma situaci\u00f3n que uno, pero la idea es seguir trabajando,<br>porque lo dije ah\u00ed y se lo dije al gobernador y he participado en muchas mesas de trabajo y no<br>tienen continuidad. Entonces, la idea como se contrat\u00f3 una empresa externa, a lo mejor va a<br>entregar todo lo que se habl\u00f3 hoy d\u00eda, las necesidades, los requerimientos que tiene cada<br>organizaci\u00f3n y desde ah\u00ed empezar a trabajar en conjunto con el Gobernador. Nosotros las<br>organizaciones de autismo trabajamos en conjunto en algunas oportunidades, pero la idea es que<br>todos los que tienen que ver con el tema de la inclusi\u00f3n, neurodiversidad, puedan lograr un<br>trabajo en conjunto\u201d.<\/p>\n        <div class=\"booster-block booster-reactions-block\">\n            <div class=\"twp-reactions-icons\">\n                \n                <div class=\"twp-reacts-wrap\">\n                    <a react-data=\"be-react-1\" post-id=\"5133\" class=\"be-face-icons un-reacted\" href=\"javascript:void(0)\">\n                        <img decoding=\"async\" src=\"https:\/\/radionorteatacama.cl\/wp-content\/plugins\/booster-extension\/\/assets\/icon\/happy.svg\" alt=\"Happy\">\n                    <\/a>\n                    <div class=\"twp-reaction-title\">\n                        Happy                    <\/div>\n                    <div class=\"twp-count-percent\">\n                                                    <span style=\"display: none;\" class=\"twp-react-count\">0<\/span>\n                        \n                                                <span class=\"twp-react-percent\"><span>0<\/span> %<\/span>\n                                            <\/div>\n                <\/div>\n\n                <div class=\"twp-reacts-wrap\">\n                    <a react-data=\"be-react-2\" post-id=\"5133\" class=\"be-face-icons un-reacted\" href=\"javascript:void(0)\">\n                        <img decoding=\"async\" src=\"https:\/\/radionorteatacama.cl\/wp-content\/plugins\/booster-extension\/\/assets\/icon\/sad.svg\" alt=\"Sad\">\n                    <\/a>\n                    <div class=\"twp-reaction-title\">\n                        Sad                    <\/div>\n                    <div class=\"twp-count-percent\">\n                                                    <span style=\"display: none;\" class=\"twp-react-count\">0<\/span>\n                                                                        <span class=\"twp-react-percent\"><span>0<\/span> %<\/span>\n                                            <\/div>\n                <\/div>\n\n                <div class=\"twp-reacts-wrap\">\n                    <a react-data=\"be-react-3\" post-id=\"5133\" class=\"be-face-icons un-reacted\" href=\"javascript:void(0)\">\n                        <img decoding=\"async\" src=\"https:\/\/radionorteatacama.cl\/wp-content\/plugins\/booster-extension\/\/assets\/icon\/excited.svg\" alt=\"Excited\">\n                    <\/a>\n                    <div class=\"twp-reaction-title\">\n                        Excited                    <\/div>\n                    <div class=\"twp-count-percent\">\n                                                    <span style=\"display: none;\" class=\"twp-react-count\">0<\/span>\n                                                                        <span class=\"twp-react-percent\"><span>0<\/span> %<\/span>\n                                            <\/div>\n                <\/div>\n\n                <div class=\"twp-reacts-wrap\">\n                    <a react-data=\"be-react-6\" post-id=\"5133\" class=\"be-face-icons un-reacted\" href=\"javascript:void(0)\">\n                        <img decoding=\"async\" src=\"https:\/\/radionorteatacama.cl\/wp-content\/plugins\/booster-extension\/\/assets\/icon\/sleepy.svg\" alt=\"Sleepy\">\n                    <\/a>\n                    <div class=\"twp-reaction-title\">\n                        Sleepy                    <\/div>\n                    <div class=\"twp-count-percent\">\n                                                    <span style=\"display: none;\" class=\"twp-react-count\">0<\/span>\n                        \n                                                <span class=\"twp-react-percent\"><span>0<\/span> %<\/span>\n                                            <\/div>\n                <\/div>\n\n                <div class=\"twp-reacts-wrap\">\n                    <a react-data=\"be-react-4\" post-id=\"5133\" class=\"be-face-icons un-reacted\" href=\"javascript:void(0)\">\n                        <img decoding=\"async\" src=\"https:\/\/radionorteatacama.cl\/wp-content\/plugins\/booster-extension\/\/assets\/icon\/angry.svg\" alt=\"Angry\">\n                    <\/a>\n                    <div class=\"twp-reaction-title\">Angry<\/div>\n                    <div class=\"twp-count-percent\">\n                                                    <span style=\"display: none;\" class=\"twp-react-count\">0<\/span>\n                                                                        <span class=\"twp-react-percent\"><span>0<\/span> %<\/span>\n                        \n                    <\/div>\n                <\/div>\n\n                <div class=\"twp-reacts-wrap\">\n                    <a react-data=\"be-react-5\" post-id=\"5133\" class=\"be-face-icons un-reacted\" href=\"javascript:void(0)\">\n                        <img decoding=\"async\" src=\"https:\/\/radionorteatacama.cl\/wp-content\/plugins\/booster-extension\/\/assets\/icon\/surprise.svg\" alt=\"Surprise\">\n                    <\/a>\n                    <div class=\"twp-reaction-title\">Surprise<\/div>\n                    <div class=\"twp-count-percent\">\n                                                    <span style=\"display: none;\" class=\"twp-react-count\">0<\/span>\n                                                                        <span class=\"twp-react-percent\"><span>0<\/span> %<\/span>\n                                            <\/div>\n                <\/div>\n\n            <\/div>\n        <\/div>\n\n    ","protected":false},"excerpt":{"rendered":"<p>Una nueva jornada de participaci\u00f3n ciudadana se llev\u00f3 a cabo en el marco del programa\u201cGenerando Espacios de Participaci\u00f3n Ciudadana con Actores de la Sociedad Civil Atacame\u00f1a\u201d queimpulsa el gobierno regional y que esta vez, cont\u00f3 con la participaci\u00f3n 170 dirigentes y dirigentasde diferentes asociaciones, fundaciones y organizaciones sociales dedicadas a fomentar eincentivar la inclusi\u00f3n en [&hellip;]<\/p>\n","protected":false},"author":1,"featured_media":0,"comment_status":"open","ping_status":"open","sticky":false,"template":"","format":"standard","meta":{"_joinchat":[],"footnotes":""},"categories":[1],"tags":[],"class_list":["post-5133","post","type-post","status-publish","format-standard","hentry","category-uncategorized"],"jetpack_featured_media_url":"","blog_post_layout_featured_media_urls":{"thumbnail":"","full":""},"categories_names":{"1":{"name":"Uncategorized","link":"https:\/\/radionorteatacama.cl\/index.php\/category\/uncategorized\/"}},"tags_names":[],"comments_number":"0","_links":{"self":[{"href":"https:\/\/radionorteatacama.cl\/index.php\/wp-json\/wp\/v2\/posts\/5133","targetHints":{"allow":["GET"]}}],"collection":[{"href":"https:\/\/radionorteatacama.cl\/index.php\/wp-json\/wp\/v2\/posts"}],"about":[{"href":"https:\/\/radionorteatacama.cl\/index.php\/wp-json\/wp\/v2\/types\/post"}],"author":[{"embeddable":true,"href":"https:\/\/radionorteatacama.cl\/index.php\/wp-json\/wp\/v2\/users\/1"}],"replies":[{"embeddable":true,"href":"https:\/\/radionorteatacama.cl\/index.php\/wp-json\/wp\/v2\/comments?post=5133"}],"version-history":[{"count":1,"href":"https:\/\/radionorteatacama.cl\/index.php\/wp-json\/wp\/v2\/posts\/5133\/revisions"}],"predecessor-version":[{"id":5134,"href":"https:\/\/radionorteatacama.cl\/index.php\/wp-json\/wp\/v2\/posts\/5133\/revisions\/5134"}],"wp:attachment":[{"href":"https:\/\/radionorteatacama.cl\/index.php\/wp-json\/wp\/v2\/media?parent=5133"}],"wp:term":[{"taxonomy":"category","embeddable":true,"href":"https:\/\/radionorteatacama.cl\/index.php\/wp-json\/wp\/v2\/categories?post=5133"},{"taxonomy":"post_tag","embeddable":true,"href":"https:\/\/radionorteatacama.cl\/index.php\/wp-json\/wp\/v2\/tags?post=5133"}],"curies":[{"name":"wp","href":"https:\/\/api.w.org\/{rel}","templated":true}]}}