{"id":5127,"date":"2023-01-25T06:00:08","date_gmt":"2023-01-25T06:00:08","guid":{"rendered":"http:\/\/radionorteatacama.cl\/?p=5127"},"modified":"2023-01-25T06:00:09","modified_gmt":"2023-01-25T06:00:09","slug":"codelco-reporta-caida-del-10-en-produccion-de-cobre-en-2022","status":"publish","type":"post","link":"https:\/\/radionorteatacama.cl\/index.php\/2023\/01\/25\/codelco-reporta-caida-del-10-en-produccion-de-cobre-en-2022\/","title":{"rendered":"Codelco reporta ca\u00edda del 10% en producci\u00f3n de cobre en 2022"},"content":{"rendered":"<div class='booster-block booster-read-block'>\n                <div class=\"twp-read-time\">\n                \t<i class=\"booster-icon twp-clock\"><\/i> <span>Read Time:<\/span>1 Minute, 46 Second                <\/div>\n\n            <\/div>\n<h2 class=\"wp-block-heading\">Codelco indic\u00f3 en un comunicado que las \u201cdificultades espec\u00edficas\u201d que tuvo la compa\u00f1\u00eda estatal el a\u00f1o anterior, entre fallas estructurales y eventos clim\u00e1ticos, provocaron un retroceso en la producci\u00f3n anual.<\/h2>\n\n\n\n<p>La\u00a0<strong>Corporaci\u00f3n Nacional del Cobre (Codelco)<\/strong>, entre las principales productoras de cobre del mundo, inform\u00f3 este martes que registr\u00f3 una ca\u00edda de\u00a0<strong>162.000 toneladas en su producci\u00f3n de 2022<\/strong>, con respecto al a\u00f1o anterior, lo que equivale a un 10% menos.<\/p>\n\n\n\n<p>Codelco indic\u00f3 en un comunicado que las \u201cdificultades espec\u00edficas\u201d que tuvo la compa\u00f1\u00eda estatal el a\u00f1o anterior, entre fallas estructurales y eventos clim\u00e1ticos,<strong>\u00a0provocaron un retroceso en la producci\u00f3n anual.<\/strong><\/p>\n\n\n\n<p><strong>\u201cUn 77 por ciento se debi\u00f3 a los problemas en la continuidad operacional y un 23 por ciento al retraso de los proyectos.<\/strong>\u00a0Hemos tenido un a\u00f1o extraordinariamente acontecido\u201d, manifest\u00f3 el presidente del directorio de Codelco, M\u00e1ximo Pacheco, en un foro organizado por el Colegio de Ingenieros y la asociaci\u00f3n gremial Voces Mineras.<\/p>\n\n\n\n<p>Dijo que Chile est\u00e1\u00a0<strong>estancado en una producci\u00f3n de cobre de 5,4 millones de toneladas<\/strong>\u00a0desde hace casi dos d\u00e9cadas.<\/p>\n\n\n\n<p>Pacheco llam\u00f3 a repensar el modelo productivo de la miner\u00eda del cobre a futuro, principal producto de exportaci\u00f3n chileno.<\/p>\n\n\n\n<p>El ex ministro de Energ\u00eda asegur\u00f3 que el estancamiento de la producci\u00f3n\u00a0<strong>\u201cda cuenta de las dificultades del sector para mantener y acrecentar sus niveles productivos,<\/strong>\u00a0similar a lo que enfrentan otros proyectos a nivel internacional\u201d.<\/p>\n\n\n\n<p>Dijo que la pandemia del nuevo coronavirus, el conflicto en Ucrania y la inflaci\u00f3n, entre otros factores, impactaron en los \u00faltimos a\u00f1os\u00a0<strong>la ejecuci\u00f3n de proyectos a nivel mundial.<\/strong><\/p>\n\n\n\n<p>Pacheco se refiri\u00f3 espec\u00edficamente a los proyectos mineros considerados de \u201calto riesgo\u201d, por tratarse de iniciativas de<strong>\u00a0\u201clargo plazo y exigente inversi\u00f3n\u201d.<\/strong><\/p>\n\n\n\n<p>Por ello, se\u00f1al\u00f3 que Codelco est\u00e1 realizando un\u00a0<strong>\u201cejercicio de transparencia profunda\u201d<\/strong>\u00a0para analizar el impacto de una serie de factores en la construcci\u00f3n de proyectos estructurales para la miner\u00eda.<\/p>\n\n\n\n<p>Se eval\u00faan problemas t\u00e9cnicos, econ\u00f3micos, de gesti\u00f3n e incluso sicol\u00f3gicos, dijo.<\/p>\n\n\n\n<blockquote class=\"wp-block-quote is-layout-flow wp-block-quote-is-layout-flow\">\n<p>Pese a las complejidades del sector, Pacheco declar\u00f3 que\u00a0<strong>\u201cCodelco es de lejos el mejor negocio para Chile\u201d.<\/strong><\/p>\n<\/blockquote>\n\n\n\n<p><\/p>\n        <div class=\"booster-block booster-reactions-block\">\n            <div class=\"twp-reactions-icons\">\n                \n                <div class=\"twp-reacts-wrap\">\n                    <a react-data=\"be-react-1\" post-id=\"5127\" class=\"be-face-icons un-reacted\" href=\"javascript:void(0)\">\n                        <img decoding=\"async\" src=\"https:\/\/radionorteatacama.cl\/wp-content\/plugins\/booster-extension\/\/assets\/icon\/happy.svg\" alt=\"Happy\">\n                    <\/a>\n                    <div class=\"twp-reaction-title\">\n                        Happy                    <\/div>\n                    <div class=\"twp-count-percent\">\n                                                    <span style=\"display: none;\" class=\"twp-react-count\">0<\/span>\n                        \n                                                <span class=\"twp-react-percent\"><span>0<\/span> %<\/span>\n                                            <\/div>\n                <\/div>\n\n                <div class=\"twp-reacts-wrap\">\n                    <a react-data=\"be-react-2\" post-id=\"5127\" class=\"be-face-icons un-reacted\" href=\"javascript:void(0)\">\n                        <img decoding=\"async\" src=\"https:\/\/radionorteatacama.cl\/wp-content\/plugins\/booster-extension\/\/assets\/icon\/sad.svg\" alt=\"Sad\">\n                    <\/a>\n                    <div class=\"twp-reaction-title\">\n                        Sad                    <\/div>\n                    <div class=\"twp-count-percent\">\n                                                    <span style=\"display: none;\" class=\"twp-react-count\">0<\/span>\n                                                                        <span class=\"twp-react-percent\"><span>0<\/span> %<\/span>\n                                            <\/div>\n                <\/div>\n\n                <div class=\"twp-reacts-wrap\">\n                    <a react-data=\"be-react-3\" post-id=\"5127\" class=\"be-face-icons un-reacted\" href=\"javascript:void(0)\">\n                        <img decoding=\"async\" src=\"https:\/\/radionorteatacama.cl\/wp-content\/plugins\/booster-extension\/\/assets\/icon\/excited.svg\" alt=\"Excited\">\n                    <\/a>\n                    <div class=\"twp-reaction-title\">\n                        Excited                    <\/div>\n                    <div class=\"twp-count-percent\">\n                                                    <span style=\"display: none;\" class=\"twp-react-count\">0<\/span>\n                                                                        <span class=\"twp-react-percent\"><span>0<\/span> %<\/span>\n                                            <\/div>\n                <\/div>\n\n                <div class=\"twp-reacts-wrap\">\n                    <a react-data=\"be-react-6\" post-id=\"5127\" class=\"be-face-icons un-reacted\" href=\"javascript:void(0)\">\n                        <img decoding=\"async\" src=\"https:\/\/radionorteatacama.cl\/wp-content\/plugins\/booster-extension\/\/assets\/icon\/sleepy.svg\" alt=\"Sleepy\">\n                    <\/a>\n                    <div class=\"twp-reaction-title\">\n                        Sleepy                    <\/div>\n                    <div class=\"twp-count-percent\">\n                                                    <span style=\"display: none;\" class=\"twp-react-count\">0<\/span>\n                        \n                                                <span class=\"twp-react-percent\"><span>0<\/span> %<\/span>\n                                            <\/div>\n                <\/div>\n\n                <div class=\"twp-reacts-wrap\">\n                    <a react-data=\"be-react-4\" post-id=\"5127\" class=\"be-face-icons un-reacted\" href=\"javascript:void(0)\">\n                        <img decoding=\"async\" src=\"https:\/\/radionorteatacama.cl\/wp-content\/plugins\/booster-extension\/\/assets\/icon\/angry.svg\" alt=\"Angry\">\n                    <\/a>\n                    <div class=\"twp-reaction-title\">Angry<\/div>\n                    <div class=\"twp-count-percent\">\n                                                    <span style=\"display: none;\" class=\"twp-react-count\">0<\/span>\n                                                                        <span class=\"twp-react-percent\"><span>0<\/span> %<\/span>\n                        \n                    <\/div>\n                <\/div>\n\n                <div class=\"twp-reacts-wrap\">\n                    <a react-data=\"be-react-5\" post-id=\"5127\" class=\"be-face-icons un-reacted\" href=\"javascript:void(0)\">\n                        <img decoding=\"async\" src=\"https:\/\/radionorteatacama.cl\/wp-content\/plugins\/booster-extension\/\/assets\/icon\/surprise.svg\" alt=\"Surprise\">\n                    <\/a>\n                    <div class=\"twp-reaction-title\">Surprise<\/div>\n                    <div class=\"twp-count-percent\">\n                                                    <span style=\"display: none;\" class=\"twp-react-count\">0<\/span>\n                                                                        <span class=\"twp-react-percent\"><span>0<\/span> %<\/span>\n                                            <\/div>\n                <\/div>\n\n            <\/div>\n        <\/div>\n\n    ","protected":false},"excerpt":{"rendered":"<p>Codelco indic\u00f3 en un comunicado que las \u201cdificultades espec\u00edficas\u201d que tuvo la compa\u00f1\u00eda estatal el a\u00f1o anterior, entre fallas estructurales y eventos clim\u00e1ticos, provocaron un retroceso en la producci\u00f3n anual. La\u00a0Corporaci\u00f3n Nacional del Cobre (Codelco), entre las principales productoras de cobre del mundo, inform\u00f3 este martes que registr\u00f3 una ca\u00edda de\u00a0162.000 toneladas en su producci\u00f3n [&hellip;]<\/p>\n","protected":false},"author":1,"featured_media":0,"comment_status":"open","ping_status":"open","sticky":false,"template":"","format":"standard","meta":{"_joinchat":[],"footnotes":""},"categories":[1],"tags":[],"class_list":["post-5127","post","type-post","status-publish","format-standard","hentry","category-uncategorized"],"jetpack_featured_media_url":"","blog_post_layout_featured_media_urls":{"thumbnail":"","full":""},"categories_names":{"1":{"name":"Uncategorized","link":"https:\/\/radionorteatacama.cl\/index.php\/category\/uncategorized\/"}},"tags_names":[],"comments_number":"0","_links":{"self":[{"href":"https:\/\/radionorteatacama.cl\/index.php\/wp-json\/wp\/v2\/posts\/5127","targetHints":{"allow":["GET"]}}],"collection":[{"href":"https:\/\/radionorteatacama.cl\/index.php\/wp-json\/wp\/v2\/posts"}],"about":[{"href":"https:\/\/radionorteatacama.cl\/index.php\/wp-json\/wp\/v2\/types\/post"}],"author":[{"embeddable":true,"href":"https:\/\/radionorteatacama.cl\/index.php\/wp-json\/wp\/v2\/users\/1"}],"replies":[{"embeddable":true,"href":"https:\/\/radionorteatacama.cl\/index.php\/wp-json\/wp\/v2\/comments?post=5127"}],"version-history":[{"count":2,"href":"https:\/\/radionorteatacama.cl\/index.php\/wp-json\/wp\/v2\/posts\/5127\/revisions"}],"predecessor-version":[{"id":5209,"href":"https:\/\/radionorteatacama.cl\/index.php\/wp-json\/wp\/v2\/posts\/5127\/revisions\/5209"}],"wp:attachment":[{"href":"https:\/\/radionorteatacama.cl\/index.php\/wp-json\/wp\/v2\/media?parent=5127"}],"wp:term":[{"taxonomy":"category","embeddable":true,"href":"https:\/\/radionorteatacama.cl\/index.php\/wp-json\/wp\/v2\/categories?post=5127"},{"taxonomy":"post_tag","embeddable":true,"href":"https:\/\/radionorteatacama.cl\/index.php\/wp-json\/wp\/v2\/tags?post=5127"}],"curies":[{"name":"wp","href":"https:\/\/api.w.org\/{rel}","templated":true}]}}