{"id":5125,"date":"2023-01-25T05:55:22","date_gmt":"2023-01-25T05:55:22","guid":{"rendered":"http:\/\/radionorteatacama.cl\/?p=5125"},"modified":"2023-01-25T05:55:23","modified_gmt":"2023-01-25T05:55:23","slug":"boric-y-ausencia-de-maduro-en-celac-la-crisis-venezolana-la-tenemos-que-resolver-con-el-gobierno-de-venezuela-en-la-mesa","status":"publish","type":"post","link":"https:\/\/radionorteatacama.cl\/index.php\/2023\/01\/25\/boric-y-ausencia-de-maduro-en-celac-la-crisis-venezolana-la-tenemos-que-resolver-con-el-gobierno-de-venezuela-en-la-mesa\/","title":{"rendered":"Boric y ausencia de Maduro en CELAC: la crisis venezolana &#8220;la tenemos que resolver con el gobierno de Venezuela en la mesa&#8221;"},"content":{"rendered":"<div class='booster-block booster-read-block'>\n                <div class=\"twp-read-time\">\n                \t<i class=\"booster-icon twp-clock\"><\/i> <span>Read Time:<\/span>2 Minute, 19 Second                <\/div>\n\n            <\/div>\n<h2 class=\"wp-block-heading\">La noche de este lunes el Presidente Gabriel Boric lleg\u00f3 hasta Buenos Aires para participar de la cumbre CELAC. En ese contexto, se refiri\u00f3 a la ausencia del l\u00edder venezolano, Nicol\u00e1s Maduro, asegurando que la crisis venezolana \u201cla tenemos que resolver con el gobierno de Venezuela en la mesa\u201d.<\/h2>\n\n\n\n<p>En su llegada a\u00a0<strong>Buenos Aires para participar de la\u00a0cumbre de la\u00a0<a rel=\"noreferrer noopener\" href=\"https:\/\/www.24horas.cl\/24horas\/site\/tag\/port\/all\/tagport_2529_1.html\" target=\"_blank\">Comunidad de Estados Latinoamericanos y Caribe\u00f1os,<\/a><\/strong><a rel=\"noreferrer noopener\" href=\"https:\/\/www.24horas.cl\/24horas\/site\/tag\/port\/all\/tagport_2529_1.html\" target=\"_blank\">\u00a0CELAC<\/a>,\u00a0que se extender\u00e1 por 24 horas, el Presidente de la Rep\u00fablica, Gabriel Boric, recalc\u00f3 la necesidad de que las naciones integrantes traten el tema de la seguridad en la regi\u00f3n. Respecto a la ausencia del presidente Nicol\u00e1s Maduro en la cita especific\u00f3 que<strong>\u00a0la crisis venezolana \u201cla tenemos que resolver con el gobierno de Venezuela en la mesa\u201d.<\/strong><\/p>\n\n\n\n<p>El mandatario remarc\u00f3 la importancia de la reuni\u00f3n que comenzar\u00e1 este martes, destacando que se tratar\u00e1n \u201ctemas que son urgentes de integraci\u00f3n de nuestros pueblos, de nuestros gobiernos, para mejorar las condiciones de vida de nuestra gente, en particular,\u00a0<strong>ante situaciones tan acuciantes como es la crisis de seguridad que se vive en todo el continente\u201d,<\/strong>\u00a0esgrimi\u00f3.<\/p>\n\n\n\n<blockquote class=\"wp-block-quote is-layout-flow wp-block-quote-is-layout-flow\">\n<p>En ese sentido, resalt\u00f3 la necesidad de abordar el\u00a0<strong>\u201cfen\u00f3meno migratorio que ha causado grandes distorsiones en diferentes comunidades nacionales\u201d<\/strong>\u00a0y tambi\u00e9n el trabajo que se debiese realizar en mayor integraci\u00f3n de la econom\u00eda y la recuperaci\u00f3n post pandemia.<\/p>\n<\/blockquote>\n\n\n\n<p>\u201cEspero que podamos tener \u00e9xito en estas gestiones y que\u00a0<strong>podamos sacar adelante una econom\u00eda m\u00e1s integrada y, por sobretodo, mayor seguridad para nuestros habitantes\u201d.<\/strong><\/p>\n\n\n\n<p><\/p>\n\n\n\n<h2 class=\"wp-block-heading\">Ausencia de Maduro en la CELAC<\/h2>\n\n\n\n<p>El gobierno de la\u00a0<a href=\"https:\/\/www.24horas.cl\/24horas\/site\/tag\/port\/all\/tagport_109_1.html\" target=\"_blank\" rel=\"noreferrer noopener\">Rep\u00fablica Bolivariana de Venezuela<\/a>\u00a0<strong>descart\u00f3 la presencia del presidente\u00a0<a href=\"https:\/\/www.24horas.cl\/24horas\/site\/tag\/port\/all\/tagport_1390_1.html\" target=\"_blank\" rel=\"noreferrer noopener\">Nicol\u00e1s Maduro<\/a>\u00a0en tierras argentinas para participar de la cumbre de la\u00a0<a href=\"https:\/\/www.24horas.cl\/24horas\/site\/tag\/port\/all\/tagport_2529_1.html\" target=\"_blank\" rel=\"noreferrer noopener\">Comunidad de Estados Latinoamericanos y Caribe\u00f1os, CELAC.<\/a><\/strong><\/p>\n\n\n\n<p>Acusan que la derecha de ese pa\u00eds pretende\u00a0<strong>\u201cmontar un show a fin de perturbar los efectos positivos de tan importante cita regional\u201d.<\/strong><\/p>\n\n\n\n<blockquote class=\"wp-block-quote is-layout-flow wp-block-quote-is-layout-flow\">\n<p>Consultado al respecto, el\u00a0<strong>Presidente Gabriel Boric<\/strong>\u00a0asegur\u00f3 que\u00a0<strong>la crisis \u201cque se prolonga hace tanto tiempo en Venezuela la tenemos que resolver con el gobierno de Venezuela en la mesa,<\/strong>\u00a0es importante que Venezuela como pa\u00eds, y sus instituciones, vuelvan a los organisimos multilaterales\u201d.<\/p>\n<\/blockquote>\n\n\n\n<p>\u201cNo me puedo pronunciar respecto a la situaci\u00f3n espec\u00edfica judicial de Nicol\u00e1s Maduro,\u00a0<strong>eso le corresponder\u00e1 a los tribunales o a quienes realizaron las denuncias\u201d<\/strong>, asever\u00f3 el Presidente Boric.<\/p>\n\n\n\n<p>Finaliz\u00f3 el punto de prensa siendo enf\u00e1tico: \u201cNosotros siempre hemos sido claros en una cosa,<strong>\u00a0en condenar las vioaciones a los Derechos Humanos sin importar el color pol\u00edtico de quien las cometa, y en eso nos vamos a mantener firme\u201d.<\/strong><\/p>\n\n\n\n<p>El Presidente Gabriel Boric participar\u00e1 este martes 24 de enero de la cumbre para, en horas de la noche, retornar al pa\u00eds rumbo a la regi\u00f3n de Ays\u00e9n.<\/p>\n        <div class=\"booster-block booster-reactions-block\">\n            <div class=\"twp-reactions-icons\">\n                \n                <div class=\"twp-reacts-wrap\">\n                    <a react-data=\"be-react-1\" post-id=\"5125\" class=\"be-face-icons un-reacted\" href=\"javascript:void(0)\">\n                        <img decoding=\"async\" src=\"https:\/\/radionorteatacama.cl\/wp-content\/plugins\/booster-extension\/\/assets\/icon\/happy.svg\" alt=\"Happy\">\n                    <\/a>\n                    <div class=\"twp-reaction-title\">\n                        Happy                    <\/div>\n                    <div class=\"twp-count-percent\">\n                                                    <span style=\"display: none;\" class=\"twp-react-count\">0<\/span>\n                        \n                                                <span class=\"twp-react-percent\"><span>0<\/span> %<\/span>\n                                            <\/div>\n                <\/div>\n\n                <div class=\"twp-reacts-wrap\">\n                    <a react-data=\"be-react-2\" post-id=\"5125\" class=\"be-face-icons un-reacted\" href=\"javascript:void(0)\">\n                        <img decoding=\"async\" src=\"https:\/\/radionorteatacama.cl\/wp-content\/plugins\/booster-extension\/\/assets\/icon\/sad.svg\" alt=\"Sad\">\n                    <\/a>\n                    <div class=\"twp-reaction-title\">\n                        Sad                    <\/div>\n                    <div class=\"twp-count-percent\">\n                                                    <span style=\"display: none;\" class=\"twp-react-count\">0<\/span>\n                                                                        <span class=\"twp-react-percent\"><span>0<\/span> %<\/span>\n                                            <\/div>\n                <\/div>\n\n                <div class=\"twp-reacts-wrap\">\n                    <a react-data=\"be-react-3\" post-id=\"5125\" class=\"be-face-icons un-reacted\" href=\"javascript:void(0)\">\n                        <img decoding=\"async\" src=\"https:\/\/radionorteatacama.cl\/wp-content\/plugins\/booster-extension\/\/assets\/icon\/excited.svg\" alt=\"Excited\">\n                    <\/a>\n                    <div class=\"twp-reaction-title\">\n                        Excited                    <\/div>\n                    <div class=\"twp-count-percent\">\n                                                    <span style=\"display: none;\" class=\"twp-react-count\">0<\/span>\n                                                                        <span class=\"twp-react-percent\"><span>0<\/span> %<\/span>\n                                            <\/div>\n                <\/div>\n\n                <div class=\"twp-reacts-wrap\">\n                    <a react-data=\"be-react-6\" post-id=\"5125\" class=\"be-face-icons un-reacted\" href=\"javascript:void(0)\">\n                        <img decoding=\"async\" src=\"https:\/\/radionorteatacama.cl\/wp-content\/plugins\/booster-extension\/\/assets\/icon\/sleepy.svg\" alt=\"Sleepy\">\n                    <\/a>\n                    <div class=\"twp-reaction-title\">\n                        Sleepy                    <\/div>\n                    <div class=\"twp-count-percent\">\n                                                    <span style=\"display: none;\" class=\"twp-react-count\">0<\/span>\n                        \n                                                <span class=\"twp-react-percent\"><span>0<\/span> %<\/span>\n                                            <\/div>\n                <\/div>\n\n                <div class=\"twp-reacts-wrap\">\n                    <a react-data=\"be-react-4\" post-id=\"5125\" class=\"be-face-icons un-reacted\" href=\"javascript:void(0)\">\n                        <img decoding=\"async\" src=\"https:\/\/radionorteatacama.cl\/wp-content\/plugins\/booster-extension\/\/assets\/icon\/angry.svg\" alt=\"Angry\">\n                    <\/a>\n                    <div class=\"twp-reaction-title\">Angry<\/div>\n                    <div class=\"twp-count-percent\">\n                                                    <span style=\"display: none;\" class=\"twp-react-count\">0<\/span>\n                                                                        <span class=\"twp-react-percent\"><span>0<\/span> %<\/span>\n                        \n                    <\/div>\n                <\/div>\n\n                <div class=\"twp-reacts-wrap\">\n                    <a react-data=\"be-react-5\" post-id=\"5125\" class=\"be-face-icons un-reacted\" href=\"javascript:void(0)\">\n                        <img decoding=\"async\" src=\"https:\/\/radionorteatacama.cl\/wp-content\/plugins\/booster-extension\/\/assets\/icon\/surprise.svg\" alt=\"Surprise\">\n                    <\/a>\n                    <div class=\"twp-reaction-title\">Surprise<\/div>\n                    <div class=\"twp-count-percent\">\n                                                    <span style=\"display: none;\" class=\"twp-react-count\">0<\/span>\n                                                                        <span class=\"twp-react-percent\"><span>0<\/span> %<\/span>\n                                            <\/div>\n                <\/div>\n\n            <\/div>\n        <\/div>\n\n    ","protected":false},"excerpt":{"rendered":"<p>La noche de este lunes el Presidente Gabriel Boric lleg\u00f3 hasta Buenos Aires para participar de la cumbre CELAC. En ese contexto, se refiri\u00f3 a la ausencia del l\u00edder venezolano, Nicol\u00e1s Maduro, asegurando que la crisis venezolana \u201cla tenemos que resolver con el gobierno de Venezuela en la mesa\u201d. En su llegada a\u00a0Buenos Aires para [&hellip;]<\/p>\n","protected":false},"author":1,"featured_media":0,"comment_status":"open","ping_status":"open","sticky":false,"template":"","format":"standard","meta":{"_joinchat":[],"footnotes":""},"categories":[1],"tags":[],"class_list":["post-5125","post","type-post","status-publish","format-standard","hentry","category-uncategorized"],"jetpack_featured_media_url":"","blog_post_layout_featured_media_urls":{"thumbnail":"","full":""},"categories_names":{"1":{"name":"Uncategorized","link":"https:\/\/radionorteatacama.cl\/index.php\/category\/uncategorized\/"}},"tags_names":[],"comments_number":"0","_links":{"self":[{"href":"https:\/\/radionorteatacama.cl\/index.php\/wp-json\/wp\/v2\/posts\/5125","targetHints":{"allow":["GET"]}}],"collection":[{"href":"https:\/\/radionorteatacama.cl\/index.php\/wp-json\/wp\/v2\/posts"}],"about":[{"href":"https:\/\/radionorteatacama.cl\/index.php\/wp-json\/wp\/v2\/types\/post"}],"author":[{"embeddable":true,"href":"https:\/\/radionorteatacama.cl\/index.php\/wp-json\/wp\/v2\/users\/1"}],"replies":[{"embeddable":true,"href":"https:\/\/radionorteatacama.cl\/index.php\/wp-json\/wp\/v2\/comments?post=5125"}],"version-history":[{"count":1,"href":"https:\/\/radionorteatacama.cl\/index.php\/wp-json\/wp\/v2\/posts\/5125\/revisions"}],"predecessor-version":[{"id":5126,"href":"https:\/\/radionorteatacama.cl\/index.php\/wp-json\/wp\/v2\/posts\/5125\/revisions\/5126"}],"wp:attachment":[{"href":"https:\/\/radionorteatacama.cl\/index.php\/wp-json\/wp\/v2\/media?parent=5125"}],"wp:term":[{"taxonomy":"category","embeddable":true,"href":"https:\/\/radionorteatacama.cl\/index.php\/wp-json\/wp\/v2\/categories?post=5125"},{"taxonomy":"post_tag","embeddable":true,"href":"https:\/\/radionorteatacama.cl\/index.php\/wp-json\/wp\/v2\/tags?post=5125"}],"curies":[{"name":"wp","href":"https:\/\/api.w.org\/{rel}","templated":true}]}}