{"id":5123,"date":"2023-01-25T05:52:39","date_gmt":"2023-01-25T05:52:39","guid":{"rendered":"http:\/\/radionorteatacama.cl\/?p=5123"},"modified":"2023-01-25T05:52:40","modified_gmt":"2023-01-25T05:52:40","slug":"gobernador-de-atacama-se-reune-con-dirigentas-y-dirigentes-sindicales-de-diversos-puntos-de-la-region","status":"publish","type":"post","link":"https:\/\/radionorteatacama.cl\/index.php\/2023\/01\/25\/gobernador-de-atacama-se-reune-con-dirigentas-y-dirigentes-sindicales-de-diversos-puntos-de-la-region\/","title":{"rendered":"GOBERNADOR DE ATACAMA SE RE\u00daNE CON DIRIGENTAS Y DIRIGENTES SINDICALES DE DIVERSOS PUNTOS DE LA REGI\u00d3N"},"content":{"rendered":"<div class='booster-block booster-read-block'>\n                <div class=\"twp-read-time\">\n                \t<i class=\"booster-icon twp-clock\"><\/i> <span>Read Time:<\/span>2 Minute, 41 Second                <\/div>\n\n            <\/div>\n<h2 class=\"wp-block-heading\">Juntas de vecinos, clubes de adultos mayores, clubes deportivos, sindicatos de la pesca artesanal y gestores culturales, han sido parte de estos encuentros que promueven la participaci\u00f3n ciudadana.<\/h2>\n\n\n\n<p>En el marco del Programa \u201cGenerando Espacios de Participaci\u00f3n Ciudadana con Actores de la Sociedad Civil Atacame\u00f1a\u201d el Gobernador de Atacama, Miguel Vargas Correa, se reuni\u00f3 con dirigentes y dirigentas de diversos sindicatos y rubros de toda la regi\u00f3n, con el fin de escuchar sus opiniones y demandas frente a temas como; seguridad, fiscalizaci\u00f3n, conectividad y salud.<\/p>\n\n\n\n<p>Estas instancias de participaci\u00f3n, tiene como objetivo cumplir con uno de los compromisos plasmados en el Plan de Trabajo del Gobierno Regional, el cual es generar espacios de di\u00e1logo y participaci\u00f3n con la comunidad, como tambi\u00e9n incluirlos en la toma de decisiones para futuros planes, programas o proyectos que ser\u00e1n sistematizados durante el periodo 2023 \u2013 2024.<\/p>\n\n\n\n<p>Ante esto, el Gobernador de Atacama, Miguel Vargas Correa, manifest\u00f3 \u201cya hemos sostenido encuentros con distintos tipos de comunidades, organizaciones, dirigentes de junta de vecinos, de clubes, de adultos mayores, de gestores y representantes de agrupaciones culturales, tambi\u00e9n de dirigentes deportivos y en esta ocasi\u00f3n con representantes del mundo sindical de distintos puntos de la Regi\u00f3n de Atacama, quienes nos han planteado una serie de demandas, muchas tienen que ver con reivindicaciones propias de cada uno de los sectores, por ejemplo, la importancia de que exista m\u00e1s fiscalizaci\u00f3n, sobre todo en algunas empresas como el retail y el rol que puede jugar, en este sentido, la direcci\u00f3n del trabajo, la siempre la necesidad de seguir fortaleciendo la protecci\u00f3n de los derechos de los trabajadores y trabajadoras, pero tambi\u00e9n los dirigentes nos han planteado temas de regi\u00f3n que ellos ven como necesidades de las cuales hay que hacerse cargo, como en temas de conectividad. Lo relevante que es seguir avanzando en una mejor salud para la Regi\u00f3n de Atacama, la demanda de falta de especialistas m\u00e9dicos es bien transversal, porque esto lo plantearon los adultos mayores, los dirigentes sociales y ahora tambi\u00e9n los dirigentes sindicales. Respecto al proceso de descentralizaci\u00f3n y de c\u00f3mo este afectar\u00eda en las condiciones laborales de los trabajadores, la autoridad regional se\u00f1al\u00f3 que \u201chay preocupaci\u00f3n por seguir fortaleciendo el proceso de descentralizaci\u00f3n, hay un anhelo de que la Regi\u00f3n de Atacama reciba un trato m\u00e1s justo a partir de las contribuciones que hace al pa\u00eds, a partir de lo que implican los ingresos provenientes de la miner\u00eda, del cobre, del fierro aqu\u00ed en la Regi\u00f3n de Atacama, son en realidad instancias muy relevantes porque nos permiten ese cable a tierra que es tan necesario para que los gobiernos se hagan cargo de aquellas demandas que son sentidas para la gente y ese es el prop\u00f3sito de estos encuentros. Nosotros vamos a perseverar en esta l\u00ednea de trabajo, lo que aqu\u00ed se plante\u00f3, que se tiene que sistematizar, se transforma necesariamente en un mandato para el Gobierno regional. Hemos dicho a todos los grupos con los cuales nos hemos juntado que nos vamos a volver a reunir a partir del mes de marzo, vamos a dar a conocer la sistematizaci\u00f3n de las conclusiones de los talleres y lo m\u00e1s importante, cu\u00e1les son las iniciativas concreta que estamos implementando para hacernos cargo de estas demandas<\/p>\n        <div class=\"booster-block booster-reactions-block\">\n            <div class=\"twp-reactions-icons\">\n                \n                <div class=\"twp-reacts-wrap\">\n                    <a react-data=\"be-react-1\" post-id=\"5123\" class=\"be-face-icons un-reacted\" href=\"javascript:void(0)\">\n                        <img decoding=\"async\" src=\"https:\/\/radionorteatacama.cl\/wp-content\/plugins\/booster-extension\/\/assets\/icon\/happy.svg\" alt=\"Happy\">\n                    <\/a>\n                    <div class=\"twp-reaction-title\">\n                        Happy                    <\/div>\n                    <div class=\"twp-count-percent\">\n                                                    <span style=\"display: none;\" class=\"twp-react-count\">0<\/span>\n                        \n                                                <span class=\"twp-react-percent\"><span>0<\/span> %<\/span>\n                                            <\/div>\n                <\/div>\n\n                <div class=\"twp-reacts-wrap\">\n                    <a react-data=\"be-react-2\" post-id=\"5123\" class=\"be-face-icons un-reacted\" href=\"javascript:void(0)\">\n                        <img decoding=\"async\" src=\"https:\/\/radionorteatacama.cl\/wp-content\/plugins\/booster-extension\/\/assets\/icon\/sad.svg\" alt=\"Sad\">\n                    <\/a>\n                    <div class=\"twp-reaction-title\">\n                        Sad                    <\/div>\n                    <div class=\"twp-count-percent\">\n                                                    <span style=\"display: none;\" class=\"twp-react-count\">0<\/span>\n                                                                        <span class=\"twp-react-percent\"><span>0<\/span> %<\/span>\n                                            <\/div>\n                <\/div>\n\n                <div class=\"twp-reacts-wrap\">\n                    <a react-data=\"be-react-3\" post-id=\"5123\" class=\"be-face-icons un-reacted\" href=\"javascript:void(0)\">\n                        <img decoding=\"async\" src=\"https:\/\/radionorteatacama.cl\/wp-content\/plugins\/booster-extension\/\/assets\/icon\/excited.svg\" alt=\"Excited\">\n                    <\/a>\n                    <div class=\"twp-reaction-title\">\n                        Excited                    <\/div>\n                    <div class=\"twp-count-percent\">\n                                                    <span style=\"display: none;\" class=\"twp-react-count\">0<\/span>\n                                                                        <span class=\"twp-react-percent\"><span>0<\/span> %<\/span>\n                                            <\/div>\n                <\/div>\n\n                <div class=\"twp-reacts-wrap\">\n                    <a react-data=\"be-react-6\" post-id=\"5123\" class=\"be-face-icons un-reacted\" href=\"javascript:void(0)\">\n                        <img decoding=\"async\" src=\"https:\/\/radionorteatacama.cl\/wp-content\/plugins\/booster-extension\/\/assets\/icon\/sleepy.svg\" alt=\"Sleepy\">\n                    <\/a>\n                    <div class=\"twp-reaction-title\">\n                        Sleepy                    <\/div>\n                    <div class=\"twp-count-percent\">\n                                                    <span style=\"display: none;\" class=\"twp-react-count\">0<\/span>\n                        \n                                                <span class=\"twp-react-percent\"><span>0<\/span> %<\/span>\n                                            <\/div>\n                <\/div>\n\n                <div class=\"twp-reacts-wrap\">\n                    <a react-data=\"be-react-4\" post-id=\"5123\" class=\"be-face-icons un-reacted\" href=\"javascript:void(0)\">\n                        <img decoding=\"async\" src=\"https:\/\/radionorteatacama.cl\/wp-content\/plugins\/booster-extension\/\/assets\/icon\/angry.svg\" alt=\"Angry\">\n                    <\/a>\n                    <div class=\"twp-reaction-title\">Angry<\/div>\n                    <div class=\"twp-count-percent\">\n                                                    <span style=\"display: none;\" class=\"twp-react-count\">0<\/span>\n                                                                        <span class=\"twp-react-percent\"><span>0<\/span> %<\/span>\n                        \n                    <\/div>\n                <\/div>\n\n                <div class=\"twp-reacts-wrap\">\n                    <a react-data=\"be-react-5\" post-id=\"5123\" class=\"be-face-icons un-reacted\" href=\"javascript:void(0)\">\n                        <img decoding=\"async\" src=\"https:\/\/radionorteatacama.cl\/wp-content\/plugins\/booster-extension\/\/assets\/icon\/surprise.svg\" alt=\"Surprise\">\n                    <\/a>\n                    <div class=\"twp-reaction-title\">Surprise<\/div>\n                    <div class=\"twp-count-percent\">\n                                                    <span style=\"display: none;\" class=\"twp-react-count\">0<\/span>\n                                                                        <span class=\"twp-react-percent\"><span>0<\/span> %<\/span>\n                                            <\/div>\n                <\/div>\n\n            <\/div>\n        <\/div>\n\n    ","protected":false},"excerpt":{"rendered":"<p>Juntas de vecinos, clubes de adultos mayores, clubes deportivos, sindicatos de la pesca artesanal y gestores culturales, han sido parte de estos encuentros que promueven la participaci\u00f3n ciudadana. En el marco del Programa \u201cGenerando Espacios de Participaci\u00f3n Ciudadana con Actores de la Sociedad Civil Atacame\u00f1a\u201d el Gobernador de Atacama, Miguel Vargas Correa, se reuni\u00f3 con [&hellip;]<\/p>\n","protected":false},"author":1,"featured_media":0,"comment_status":"open","ping_status":"open","sticky":false,"template":"","format":"standard","meta":{"_joinchat":[],"footnotes":""},"categories":[1],"tags":[],"class_list":["post-5123","post","type-post","status-publish","format-standard","hentry","category-uncategorized"],"jetpack_featured_media_url":"","blog_post_layout_featured_media_urls":{"thumbnail":"","full":""},"categories_names":{"1":{"name":"Uncategorized","link":"https:\/\/radionorteatacama.cl\/index.php\/category\/uncategorized\/"}},"tags_names":[],"comments_number":"0","_links":{"self":[{"href":"https:\/\/radionorteatacama.cl\/index.php\/wp-json\/wp\/v2\/posts\/5123","targetHints":{"allow":["GET"]}}],"collection":[{"href":"https:\/\/radionorteatacama.cl\/index.php\/wp-json\/wp\/v2\/posts"}],"about":[{"href":"https:\/\/radionorteatacama.cl\/index.php\/wp-json\/wp\/v2\/types\/post"}],"author":[{"embeddable":true,"href":"https:\/\/radionorteatacama.cl\/index.php\/wp-json\/wp\/v2\/users\/1"}],"replies":[{"embeddable":true,"href":"https:\/\/radionorteatacama.cl\/index.php\/wp-json\/wp\/v2\/comments?post=5123"}],"version-history":[{"count":1,"href":"https:\/\/radionorteatacama.cl\/index.php\/wp-json\/wp\/v2\/posts\/5123\/revisions"}],"predecessor-version":[{"id":5124,"href":"https:\/\/radionorteatacama.cl\/index.php\/wp-json\/wp\/v2\/posts\/5123\/revisions\/5124"}],"wp:attachment":[{"href":"https:\/\/radionorteatacama.cl\/index.php\/wp-json\/wp\/v2\/media?parent=5123"}],"wp:term":[{"taxonomy":"category","embeddable":true,"href":"https:\/\/radionorteatacama.cl\/index.php\/wp-json\/wp\/v2\/categories?post=5123"},{"taxonomy":"post_tag","embeddable":true,"href":"https:\/\/radionorteatacama.cl\/index.php\/wp-json\/wp\/v2\/tags?post=5123"}],"curies":[{"name":"wp","href":"https:\/\/api.w.org\/{rel}","templated":true}]}}