{"id":5120,"date":"2023-01-25T05:50:27","date_gmt":"2023-01-25T05:50:27","guid":{"rendered":"http:\/\/radionorteatacama.cl\/?p=5120"},"modified":"2023-01-25T05:50:28","modified_gmt":"2023-01-25T05:50:28","slug":"gobernador-de-atacama-entrega-reconocimiento-a-mas-de-40-deportistas-regionales-por-su-importante-participacion-en-los-juegos-deportivos-atacalar-2022","status":"publish","type":"post","link":"https:\/\/radionorteatacama.cl\/index.php\/2023\/01\/25\/gobernador-de-atacama-entrega-reconocimiento-a-mas-de-40-deportistas-regionales-por-su-importante-participacion-en-los-juegos-deportivos-atacalar-2022\/","title":{"rendered":"Gobernador de Atacama entrega reconocimiento a m\u00e1s de 40 deportistas regionales por su importante participaci\u00f3n en los Juegos Deportivos ATACALAR 2022"},"content":{"rendered":"<div class='booster-block booster-read-block'>\n                <div class=\"twp-read-time\">\n                \t<i class=\"booster-icon twp-clock\"><\/i> <span>Read Time:<\/span>2 Minute, 26 Second                <\/div>\n\n            <\/div>\n<h2 class=\"wp-block-heading\">El encuentro binacional realizado en noviembre fue una iniciativa del Gobierno Regional Atacama en conjunto con la Asociaci\u00f3n de Municipalidades de la regi\u00f3n (Arma) e integr\u00f3 las disciplinas de voleibol playa, karate, tenis de mesa, atletismo y b\u00e1squetbol 3X3<\/h2>\n\n\n\n<figure class=\"wp-block-image size-large\"><img loading=\"lazy\" decoding=\"async\" width=\"1024\" height=\"684\" src=\"http:\/\/radionorteatacama.cl\/wp-content\/uploads\/2023\/01\/Foto1-reconocimieto-Atacalar-1024x684.jpeg\" alt=\"\" class=\"wp-image-5121\" srcset=\"https:\/\/radionorteatacama.cl\/wp-content\/uploads\/2023\/01\/Foto1-reconocimieto-Atacalar-1024x684.jpeg 1024w, https:\/\/radionorteatacama.cl\/wp-content\/uploads\/2023\/01\/Foto1-reconocimieto-Atacalar-300x200.jpeg 300w, https:\/\/radionorteatacama.cl\/wp-content\/uploads\/2023\/01\/Foto1-reconocimieto-Atacalar-768x513.jpeg 768w, https:\/\/radionorteatacama.cl\/wp-content\/uploads\/2023\/01\/Foto1-reconocimieto-Atacalar-1536x1026.jpeg 1536w, https:\/\/radionorteatacama.cl\/wp-content\/uploads\/2023\/01\/Foto1-reconocimieto-Atacalar.jpeg 1600w\" sizes=\"auto, (max-width: 1024px) 100vw, 1024px\" \/><\/figure>\n\n\n\n<p>Tras cuatro a\u00f1os de ausencia, este 2022 los Juegos Deportivos Binacionales de Integraci\u00f3n Atacalar volvieron en gloria y majestad convocando a deportistas Atacame\u00f1os y Argentinos, quienes llegaron desde las provincias hermanas de Tucum\u00e1n, La Rioja, Santiago del Nuevo Estero y Catamarca, para competir en las disciplinas de voleibol playa, karate, tenis de mesa, atletismo y b\u00e1squetbol 3X3.<\/p>\n\n\n\n<p>La delegaci\u00f3n Atacame\u00f1a consigui\u00f3 el segundo lugar, por lo que el Gobernador de Atacama, Miguel Vargas Correa, se reuni\u00f3 con las y los j\u00f3venes deportistas, sus entrenadores y equipos t\u00e9cnicos para realizar un reconocimiento al gran desempe\u00f1o representando a la regi\u00f3n en esta importante competencia.<\/p>\n\n\n\n<p>La primera autoridad de Atacama manifest\u00f3 que el primer logro a destacar es \u201cque en Atacama nos hayamos atrevido a realizar los juegos deportivos Atacalar, que no se materializaban desde el a\u00f1o 2017. Hemos dicho que la integraci\u00f3n con el noroeste y centro de Argentina debe ir m\u00e1s all\u00e1 de los aspectos netamente econ\u00f3micos o comerciales, tambi\u00e9n debe incorporar el deporte, la cultura, la comunidad en general para que las personas sientan que estos procesos son importantes para la calidad de vida de los hombres mujeres de nuestra regi\u00f3n\u201d.<\/p>\n\n\n\n<p>\u201cEn segundo lugar quiero destacar la articulaci\u00f3n que hizo posible que los juegos se lleven adelante. Aqu\u00ed hubo un rol muy activo del Gobierno Regional, del Consejo Regional, de los municipios donde se realizaron las competencias deportivas, y tambi\u00e9n de la Fundaci\u00f3n Madero que act\u00faa como ente ejecutor del programa, y por supuesto que es imposible no destacar una condici\u00f3n que nosotros exigimos, que es que los juegos tuvieran un car\u00e1cter descentralizado. Por ejemplo el basquetbol 3X3 se hizo en la comuna de Vallenar, k\u00e1rate y voleibol playa en Caldera, el tenis de mesa en Diego de Almagro y el atletismo en la comuna de Copiap\u00f3, por lo tanto, ese fue un aspecto que nosotros consideramos relevante, que fue que se ocuparan dependencias de todas las comunas de la regi\u00f3n de Atacama\u201d, afirm\u00f3 el Gobernador.<\/p>\n\n\n\n<p>Respecto a la importancia de haber sido una competencia que recorri\u00f3 gran parte del territorio, Miguel Vargas enfatiz\u00f3 en que \u201ces algo muy relevante, porque nosotros hemos dicho que una de nuestras principales motivaciones, sobre todo de quienes vivimos en una regi\u00f3n como Atacama, es avanzar aceleradamente en el fortalecimiento del proceso de descentralizaci\u00f3n. Siempre hemos dicho que las regiones merecen un mejor trato, que necesitamos m\u00e1s recursos, m\u00e1s competencias, pero tambi\u00e9n m\u00e1s capacidades para tomar nuestras propias decisiones, pero tambi\u00e9n hemos dicho con mucha fuerza que tenemos que predicar con el ejemplo y eso supone no actuar centralizadamente al interior de la regi\u00f3n, y en cada acci\u00f3n, programa, iniciativa que implementamos en Atacama, tenemos que integrar el componente descentralizador\u201d, asever\u00f3.<\/p>\n        <div class=\"booster-block booster-reactions-block\">\n            <div class=\"twp-reactions-icons\">\n                \n                <div class=\"twp-reacts-wrap\">\n                    <a react-data=\"be-react-1\" post-id=\"5120\" class=\"be-face-icons un-reacted\" href=\"javascript:void(0)\">\n                        <img decoding=\"async\" src=\"https:\/\/radionorteatacama.cl\/wp-content\/plugins\/booster-extension\/\/assets\/icon\/happy.svg\" alt=\"Happy\">\n                    <\/a>\n                    <div class=\"twp-reaction-title\">\n                        Happy                    <\/div>\n                    <div class=\"twp-count-percent\">\n                                                    <span style=\"display: none;\" class=\"twp-react-count\">0<\/span>\n                        \n                                                <span class=\"twp-react-percent\"><span>0<\/span> %<\/span>\n                                            <\/div>\n                <\/div>\n\n                <div class=\"twp-reacts-wrap\">\n                    <a react-data=\"be-react-2\" post-id=\"5120\" class=\"be-face-icons un-reacted\" href=\"javascript:void(0)\">\n                        <img decoding=\"async\" src=\"https:\/\/radionorteatacama.cl\/wp-content\/plugins\/booster-extension\/\/assets\/icon\/sad.svg\" alt=\"Sad\">\n                    <\/a>\n                    <div class=\"twp-reaction-title\">\n                        Sad                    <\/div>\n                    <div class=\"twp-count-percent\">\n                                                    <span style=\"display: none;\" class=\"twp-react-count\">0<\/span>\n                                                                        <span class=\"twp-react-percent\"><span>0<\/span> %<\/span>\n                                            <\/div>\n                <\/div>\n\n                <div class=\"twp-reacts-wrap\">\n                    <a react-data=\"be-react-3\" post-id=\"5120\" class=\"be-face-icons un-reacted\" href=\"javascript:void(0)\">\n                        <img decoding=\"async\" src=\"https:\/\/radionorteatacama.cl\/wp-content\/plugins\/booster-extension\/\/assets\/icon\/excited.svg\" alt=\"Excited\">\n                    <\/a>\n                    <div class=\"twp-reaction-title\">\n                        Excited                    <\/div>\n                    <div class=\"twp-count-percent\">\n                                                    <span style=\"display: none;\" class=\"twp-react-count\">0<\/span>\n                                                                        <span class=\"twp-react-percent\"><span>0<\/span> %<\/span>\n                                            <\/div>\n                <\/div>\n\n                <div class=\"twp-reacts-wrap\">\n                    <a react-data=\"be-react-6\" post-id=\"5120\" class=\"be-face-icons un-reacted\" href=\"javascript:void(0)\">\n                        <img decoding=\"async\" src=\"https:\/\/radionorteatacama.cl\/wp-content\/plugins\/booster-extension\/\/assets\/icon\/sleepy.svg\" alt=\"Sleepy\">\n                    <\/a>\n                    <div class=\"twp-reaction-title\">\n                        Sleepy                    <\/div>\n                    <div class=\"twp-count-percent\">\n                                                    <span style=\"display: none;\" class=\"twp-react-count\">0<\/span>\n                        \n                                                <span class=\"twp-react-percent\"><span>0<\/span> %<\/span>\n                                            <\/div>\n                <\/div>\n\n                <div class=\"twp-reacts-wrap\">\n                    <a react-data=\"be-react-4\" post-id=\"5120\" class=\"be-face-icons un-reacted\" href=\"javascript:void(0)\">\n                        <img decoding=\"async\" src=\"https:\/\/radionorteatacama.cl\/wp-content\/plugins\/booster-extension\/\/assets\/icon\/angry.svg\" alt=\"Angry\">\n                    <\/a>\n                    <div class=\"twp-reaction-title\">Angry<\/div>\n                    <div class=\"twp-count-percent\">\n                                                    <span style=\"display: none;\" class=\"twp-react-count\">0<\/span>\n                                                                        <span class=\"twp-react-percent\"><span>0<\/span> %<\/span>\n                        \n                    <\/div>\n                <\/div>\n\n                <div class=\"twp-reacts-wrap\">\n                    <a react-data=\"be-react-5\" post-id=\"5120\" class=\"be-face-icons un-reacted\" href=\"javascript:void(0)\">\n                        <img decoding=\"async\" src=\"https:\/\/radionorteatacama.cl\/wp-content\/plugins\/booster-extension\/\/assets\/icon\/surprise.svg\" alt=\"Surprise\">\n                    <\/a>\n                    <div class=\"twp-reaction-title\">Surprise<\/div>\n                    <div class=\"twp-count-percent\">\n                                                    <span style=\"display: none;\" class=\"twp-react-count\">0<\/span>\n                                                                        <span class=\"twp-react-percent\"><span>0<\/span> %<\/span>\n                                            <\/div>\n                <\/div>\n\n            <\/div>\n        <\/div>\n\n    ","protected":false},"excerpt":{"rendered":"<p>El encuentro binacional realizado en noviembre fue una iniciativa del Gobierno Regional Atacama en conjunto con la Asociaci\u00f3n de Municipalidades de la regi\u00f3n (Arma) e integr\u00f3 las disciplinas de voleibol playa, karate, tenis de mesa, atletismo y b\u00e1squetbol 3X3 Tras cuatro a\u00f1os de ausencia, este 2022 los Juegos Deportivos Binacionales de Integraci\u00f3n Atacalar volvieron en [&hellip;]<\/p>\n","protected":false},"author":1,"featured_media":0,"comment_status":"open","ping_status":"open","sticky":false,"template":"","format":"standard","meta":{"_joinchat":[],"footnotes":""},"categories":[1],"tags":[],"class_list":["post-5120","post","type-post","status-publish","format-standard","hentry","category-uncategorized"],"jetpack_featured_media_url":"","blog_post_layout_featured_media_urls":{"thumbnail":"","full":""},"categories_names":{"1":{"name":"Uncategorized","link":"https:\/\/radionorteatacama.cl\/index.php\/category\/uncategorized\/"}},"tags_names":[],"comments_number":"0","_links":{"self":[{"href":"https:\/\/radionorteatacama.cl\/index.php\/wp-json\/wp\/v2\/posts\/5120","targetHints":{"allow":["GET"]}}],"collection":[{"href":"https:\/\/radionorteatacama.cl\/index.php\/wp-json\/wp\/v2\/posts"}],"about":[{"href":"https:\/\/radionorteatacama.cl\/index.php\/wp-json\/wp\/v2\/types\/post"}],"author":[{"embeddable":true,"href":"https:\/\/radionorteatacama.cl\/index.php\/wp-json\/wp\/v2\/users\/1"}],"replies":[{"embeddable":true,"href":"https:\/\/radionorteatacama.cl\/index.php\/wp-json\/wp\/v2\/comments?post=5120"}],"version-history":[{"count":1,"href":"https:\/\/radionorteatacama.cl\/index.php\/wp-json\/wp\/v2\/posts\/5120\/revisions"}],"predecessor-version":[{"id":5122,"href":"https:\/\/radionorteatacama.cl\/index.php\/wp-json\/wp\/v2\/posts\/5120\/revisions\/5122"}],"wp:attachment":[{"href":"https:\/\/radionorteatacama.cl\/index.php\/wp-json\/wp\/v2\/media?parent=5120"}],"wp:term":[{"taxonomy":"category","embeddable":true,"href":"https:\/\/radionorteatacama.cl\/index.php\/wp-json\/wp\/v2\/categories?post=5120"},{"taxonomy":"post_tag","embeddable":true,"href":"https:\/\/radionorteatacama.cl\/index.php\/wp-json\/wp\/v2\/tags?post=5120"}],"curies":[{"name":"wp","href":"https:\/\/api.w.org\/{rel}","templated":true}]}}