{"id":3207,"date":"2021-02-03T03:56:05","date_gmt":"2021-02-03T03:56:05","guid":{"rendered":"http:\/\/radionorteatacama.cl\/?p=3207"},"modified":"2021-02-05T05:09:19","modified_gmt":"2021-02-05T05:09:19","slug":"municipios-de-atacama-anuncian-puntos-de-vacunacion-para-campana-de-inoculacion-contra-el-covid","status":"publish","type":"post","link":"https:\/\/radionorteatacama.cl\/index.php\/2021\/02\/03\/municipios-de-atacama-anuncian-puntos-de-vacunacion-para-campana-de-inoculacion-contra-el-covid\/","title":{"rendered":"Municipios de Atacama anuncian puntos de vacunaci\u00f3n para campa\u00f1a de inoculaci\u00f3n contra el Covid"},"content":{"rendered":"<div class='booster-block booster-read-block'>\n                <div class=\"twp-read-time\">\n                \t<i class=\"booster-icon twp-clock\"><\/i> <span>Read Time:<\/span>2 Minute, 45 Second                <\/div>\n\n            <\/div>\n<p>Este mi\u00e9rcoles se inicia la campa\u00f1a voluntaria de vacunaci\u00f3n contra el Covid, y los municipios ya est\u00e1n listos para entregar las primeras dosis de la vacuna Sinovac, coordinando los puntos de vacunaci\u00f3n que estar\u00e1n dispuestos para recibir a los vecinos y vecinas mayores de 60 a\u00f1os.<\/p>\n\n\n\n<p>En Huasco habr\u00e1 dos puntos. El Cesfam de la comuna y la posta rural, entre las 9 de la ma\u00f1ana a 13 horas, mientras que por la tarde, el horario ser\u00e1 de 14 a 16 horas.<\/p>\n\n\n\n<p>Por su parte, Alto del Carmen esperar\u00e1 a los adultos mayores en el Cesfam de esta comuna entre las 9.30 a 4 de la tarde.<\/p>\n\n\n\n<p>En Vallenar, los puntos de vacunaci\u00f3n dispuestos por los equipos locales de salud, son el centro comunitario que est\u00e1 a un costado del Cesfam Estaci\u00f3n, adem\u00e1s la sede Abuelitas Esperanza, y el CRC o antiguo Cesfam Joan Crawford y en la Junta de Vecinos Ventana. En todos los puntos el horario ser\u00e1 de 9 a 18 horas.<\/p>\n\n\n\n<p>Freirina tambi\u00e9n tendr\u00e1 su punto de vacunaci\u00f3n, el que estar\u00e1 emplazado en el frontis del Centro de Salud Familiar de la comuna y recibir\u00e1 adultos mayores de 60 a\u00f1os o m\u00e1s entre las 9 de la ma\u00f1ana y las 4 de la tarde.<\/p>\n\n\n\n<p>Mientras que Diego de Almagro atender\u00e1 en la escuela Aliro Lamas entre las 9 y 13 horas en la jornada de la ma\u00f1ana y de 14 a 18 horas durante la tarde.<\/p>\n\n\n\n<p>La comuna de Cha\u00f1aral tendr\u00e1 dispuesto su punto de vacunaci\u00f3n desde ma\u00f1ana mi\u00e9rcoles a contar de las 8:30 de la ma\u00f1ana hasta el mediod\u00eda en la escuela Jos\u00e9 Luis Olivares del puerto.<\/p>\n\n\n\n<p>En tanto, Copiap\u00f3 tendr\u00e1 8 establecimientos educacionales adecuados para realizar vacunaciones. Las escuelas El Palomar, Abraham Sep\u00falveda, Jes\u00fas Fern\u00e1ndez, Pedro Le\u00f3n Gallo, Bruno Zavala, Los Estandartes, Hern\u00e1n M\u00e1rquez Huerta y Manuel Rodr\u00edguez esperar\u00e1n a los adultos mayores que voluntariamente lleguen a realizarse la inoculaci\u00f3n de la primera dosis de la vacuna Sinovac de procedencia china, entre las 9 a las 5 de la tarde.<\/p>\n\n\n\n<p>Mientras que los equipos de salud del puerto de Caldera vacunar\u00e1n en tres puntos. El estadio Francisco Bustos de calle Carvallo, el EDAC, ex villa las playas ubicado en calle La Pi\u00f1a y Cedimam de calle Labu. En los 3 puntos entre las 9 de la ma\u00f1ana y las 5 de la tarde.<\/p>\n\n\n\n<p>Para finalizar el listado, en Tierra Amarilla se llevar\u00e1 a cabo la vacunaci\u00f3n en el frontis del Cesfam, entre las 9 de la ma\u00f1ana a las 7 de la tarde. Sin embargo, habr\u00e1 una itinerancia de los equipos de salud en distintos puntos de la comuna. Es as\u00ed que el mi\u00e9rcoles 3 de febrero se encontrar\u00e1n vacunando al grupo objetivo en la Hacienda Hornito entre las 10 a las 13 horas, mientras que a contar de las 2 de la tarde y hasta las 17 horas se trasladar\u00e1n al sector de Amolana-Vizcacha. El jueves 4 en Junta del Potro desde las 10.30 a 14.30 horas, y el viernes ser\u00e1 el turno de los adultos mayores con dependencia severa de esa comuna.<\/p>\n\n\n\n<p>Respecto a esto \u00faltimo, la coordinaci\u00f3n de la vacunaci\u00f3n a domicilio para las personas que cuenten con dependencia severa o restricci\u00f3n para desplazarse, se organizar\u00e1 desde el establecimiento de salud en donde est\u00e9 inscrito.<\/p>\n        <div class=\"booster-block booster-reactions-block\">\n            <div class=\"twp-reactions-icons\">\n                \n                <div class=\"twp-reacts-wrap\">\n                    <a react-data=\"be-react-1\" post-id=\"3207\" class=\"be-face-icons un-reacted\" href=\"javascript:void(0)\">\n                        <img decoding=\"async\" src=\"https:\/\/radionorteatacama.cl\/wp-content\/plugins\/booster-extension\/\/assets\/icon\/happy.svg\" alt=\"Happy\">\n                    <\/a>\n                    <div class=\"twp-reaction-title\">\n                        Happy                    <\/div>\n                    <div class=\"twp-count-percent\">\n                                                    <span style=\"display: none;\" class=\"twp-react-count\">0<\/span>\n                        \n                                                <span class=\"twp-react-percent\"><span>0<\/span> %<\/span>\n                                            <\/div>\n                <\/div>\n\n                <div class=\"twp-reacts-wrap\">\n                    <a react-data=\"be-react-2\" post-id=\"3207\" class=\"be-face-icons un-reacted\" href=\"javascript:void(0)\">\n                        <img decoding=\"async\" src=\"https:\/\/radionorteatacama.cl\/wp-content\/plugins\/booster-extension\/\/assets\/icon\/sad.svg\" alt=\"Sad\">\n                    <\/a>\n                    <div class=\"twp-reaction-title\">\n                        Sad                    <\/div>\n                    <div class=\"twp-count-percent\">\n                                                    <span style=\"display: none;\" class=\"twp-react-count\">0<\/span>\n                                                                        <span class=\"twp-react-percent\"><span>0<\/span> %<\/span>\n                                            <\/div>\n                <\/div>\n\n                <div class=\"twp-reacts-wrap\">\n                    <a react-data=\"be-react-3\" post-id=\"3207\" class=\"be-face-icons un-reacted\" href=\"javascript:void(0)\">\n                        <img decoding=\"async\" src=\"https:\/\/radionorteatacama.cl\/wp-content\/plugins\/booster-extension\/\/assets\/icon\/excited.svg\" alt=\"Excited\">\n                    <\/a>\n                    <div class=\"twp-reaction-title\">\n                        Excited                    <\/div>\n                    <div class=\"twp-count-percent\">\n                                                    <span style=\"display: none;\" class=\"twp-react-count\">0<\/span>\n                                                                        <span class=\"twp-react-percent\"><span>0<\/span> %<\/span>\n                                            <\/div>\n                <\/div>\n\n                <div class=\"twp-reacts-wrap\">\n                    <a react-data=\"be-react-6\" post-id=\"3207\" class=\"be-face-icons un-reacted\" href=\"javascript:void(0)\">\n                        <img decoding=\"async\" src=\"https:\/\/radionorteatacama.cl\/wp-content\/plugins\/booster-extension\/\/assets\/icon\/sleepy.svg\" alt=\"Sleepy\">\n                    <\/a>\n                    <div class=\"twp-reaction-title\">\n                        Sleepy                    <\/div>\n                    <div class=\"twp-count-percent\">\n                                                    <span style=\"display: none;\" class=\"twp-react-count\">0<\/span>\n                        \n                                                <span class=\"twp-react-percent\"><span>0<\/span> %<\/span>\n                                            <\/div>\n                <\/div>\n\n                <div class=\"twp-reacts-wrap\">\n                    <a react-data=\"be-react-4\" post-id=\"3207\" class=\"be-face-icons un-reacted\" href=\"javascript:void(0)\">\n                        <img decoding=\"async\" src=\"https:\/\/radionorteatacama.cl\/wp-content\/plugins\/booster-extension\/\/assets\/icon\/angry.svg\" alt=\"Angry\">\n                    <\/a>\n                    <div class=\"twp-reaction-title\">Angry<\/div>\n                    <div class=\"twp-count-percent\">\n                                                    <span style=\"display: none;\" class=\"twp-react-count\">0<\/span>\n                                                                        <span class=\"twp-react-percent\"><span>0<\/span> %<\/span>\n                        \n                    <\/div>\n                <\/div>\n\n                <div class=\"twp-reacts-wrap\">\n                    <a react-data=\"be-react-5\" post-id=\"3207\" class=\"be-face-icons un-reacted\" href=\"javascript:void(0)\">\n                        <img decoding=\"async\" src=\"https:\/\/radionorteatacama.cl\/wp-content\/plugins\/booster-extension\/\/assets\/icon\/surprise.svg\" alt=\"Surprise\">\n                    <\/a>\n                    <div class=\"twp-reaction-title\">Surprise<\/div>\n                    <div class=\"twp-count-percent\">\n                                                    <span style=\"display: none;\" class=\"twp-react-count\">0<\/span>\n                                                                        <span class=\"twp-react-percent\"><span>0<\/span> %<\/span>\n                                            <\/div>\n                <\/div>\n\n            <\/div>\n        <\/div>\n\n    ","protected":false},"excerpt":{"rendered":"<p>Este mi\u00e9rcoles se inicia la campa\u00f1a voluntaria de vacunaci\u00f3n contra el Covid, y los municipios ya est\u00e1n listos para entregar las primeras dosis de la vacuna Sinovac, coordinando los puntos de vacunaci\u00f3n que estar\u00e1n dispuestos para recibir a los vecinos y vecinas mayores de 60 a\u00f1os. En Huasco habr\u00e1 dos puntos. El Cesfam de la [&hellip;]<\/p>\n","protected":false},"author":1,"featured_media":3208,"comment_status":"open","ping_status":"open","sticky":false,"template":"","format":"standard","meta":{"_joinchat":[],"footnotes":""},"categories":[1],"tags":[],"class_list":["post-3207","post","type-post","status-publish","format-standard","has-post-thumbnail","hentry","category-uncategorized"],"jetpack_featured_media_url":"https:\/\/radionorteatacama.cl\/wp-content\/uploads\/2021\/02\/vacuna-covid.jpg","blog_post_layout_featured_media_urls":{"thumbnail":["https:\/\/radionorteatacama.cl\/wp-content\/uploads\/2021\/02\/vacuna-covid-150x150.jpg",150,150,true],"full":["https:\/\/radionorteatacama.cl\/wp-content\/uploads\/2021\/02\/vacuna-covid.jpg",720,405,false]},"categories_names":{"1":{"name":"Uncategorized","link":"https:\/\/radionorteatacama.cl\/index.php\/category\/uncategorized\/"}},"tags_names":[],"comments_number":"19","_links":{"self":[{"href":"https:\/\/radionorteatacama.cl\/index.php\/wp-json\/wp\/v2\/posts\/3207","targetHints":{"allow":["GET"]}}],"collection":[{"href":"https:\/\/radionorteatacama.cl\/index.php\/wp-json\/wp\/v2\/posts"}],"about":[{"href":"https:\/\/radionorteatacama.cl\/index.php\/wp-json\/wp\/v2\/types\/post"}],"author":[{"embeddable":true,"href":"https:\/\/radionorteatacama.cl\/index.php\/wp-json\/wp\/v2\/users\/1"}],"replies":[{"embeddable":true,"href":"https:\/\/radionorteatacama.cl\/index.php\/wp-json\/wp\/v2\/comments?post=3207"}],"version-history":[{"count":2,"href":"https:\/\/radionorteatacama.cl\/index.php\/wp-json\/wp\/v2\/posts\/3207\/revisions"}],"predecessor-version":[{"id":3327,"href":"https:\/\/radionorteatacama.cl\/index.php\/wp-json\/wp\/v2\/posts\/3207\/revisions\/3327"}],"wp:featuredmedia":[{"embeddable":true,"href":"https:\/\/radionorteatacama.cl\/index.php\/wp-json\/wp\/v2\/media\/3208"}],"wp:attachment":[{"href":"https:\/\/radionorteatacama.cl\/index.php\/wp-json\/wp\/v2\/media?parent=3207"}],"wp:term":[{"taxonomy":"category","embeddable":true,"href":"https:\/\/radionorteatacama.cl\/index.php\/wp-json\/wp\/v2\/categories?post=3207"},{"taxonomy":"post_tag","embeddable":true,"href":"https:\/\/radionorteatacama.cl\/index.php\/wp-json\/wp\/v2\/tags?post=3207"}],"curies":[{"name":"wp","href":"https:\/\/api.w.org\/{rel}","templated":true}]}}