{"id":3161,"date":"2021-02-03T02:21:44","date_gmt":"2021-02-03T02:21:44","guid":{"rendered":"http:\/\/radionorteatacama.cl\/?p=3161"},"modified":"2021-02-03T02:21:44","modified_gmt":"2021-02-03T02:21:44","slug":"este-martes-se-reportan-67-nuevos-casos-positivos-de-coronavirus-en-la-region-de-atacama","status":"publish","type":"post","link":"https:\/\/radionorteatacama.cl\/index.php\/2021\/02\/03\/este-martes-se-reportan-67-nuevos-casos-positivos-de-coronavirus-en-la-region-de-atacama\/","title":{"rendered":"Este martes se reportan 67 nuevos casos positivos de Coronavirus en la regi\u00f3n de Atacama"},"content":{"rendered":"<div class='booster-block booster-read-block'>\n                <div class=\"twp-read-time\">\n                \t<i class=\"booster-icon twp-clock\"><\/i> <span>Read Time:<\/span>1 Minute, 0 Second                <\/div>\n\n            <\/div>\n<p>Hoy martes 02 de febrero se reportan 67 nuevos casos positivos de Coronavirus en la regi\u00f3n de Atacama.<\/p>\n\n\n\n<p>44 de los casos corresponden a la comuna de Copiap\u00f3, 8 a la comuna de Huasco, 5 a la comuna de Tierra Amarilla, 3 a la comuna de Cha\u00f1aral, 2 a la comuna de Caldera, 2 a la comuna de Freirina, 2 a la comuna de Vallenar y finalmente 1 a la comuna de Diego de Almagro.<\/p>\n\n\n\n<p>Con esta confirmaci\u00f3n, la regi\u00f3n de Atacama actualmente registra 10.373 casos positivos acumulados de Coronavirus.<\/p>\n\n\n\n<p>El Laboratorio de la Universidad de Atacama proces\u00f3 los ex\u00e1menes para su posterior confirmaci\u00f3n. La Autoridad Sanitaria contin\u00faa con el seguimiento y vigilancia de los 67 nuevos casos en la regi\u00f3n.<\/p>\n\n\n\n<p>Cabe se\u00f1alar que estas cifras presentan un desfase debido al proceso de validaci\u00f3n a nivel nacional del Ministerio de Salud. Es importante aclarar que ello no representa un retraso en la atenci\u00f3n, estudio epidemiol\u00f3gico y seguimiento de los pacientes y sus contactos.<\/p>\n\n\n\n<p>Las autoridades de salud reiteran el llamado a la responsabilidad y a extremar las medidas de prevenci\u00f3n, como el lavado frecuente de manos con agua y jab\u00f3n, el distanciamiento f\u00edsico y el uso de mascarilla obligatorio.<\/p>\n        <div class=\"booster-block booster-reactions-block\">\n            <div class=\"twp-reactions-icons\">\n                \n                <div class=\"twp-reacts-wrap\">\n                    <a react-data=\"be-react-1\" post-id=\"3161\" class=\"be-face-icons un-reacted\" href=\"javascript:void(0)\">\n                        <img decoding=\"async\" src=\"https:\/\/radionorteatacama.cl\/wp-content\/plugins\/booster-extension\/\/assets\/icon\/happy.svg\" alt=\"Happy\">\n                    <\/a>\n                    <div class=\"twp-reaction-title\">\n                        Happy                    <\/div>\n                    <div class=\"twp-count-percent\">\n                                                    <span style=\"display: none;\" class=\"twp-react-count\">0<\/span>\n                        \n                                                <span class=\"twp-react-percent\"><span>0<\/span> %<\/span>\n                                            <\/div>\n                <\/div>\n\n                <div class=\"twp-reacts-wrap\">\n                    <a react-data=\"be-react-2\" post-id=\"3161\" class=\"be-face-icons un-reacted\" href=\"javascript:void(0)\">\n                        <img decoding=\"async\" src=\"https:\/\/radionorteatacama.cl\/wp-content\/plugins\/booster-extension\/\/assets\/icon\/sad.svg\" alt=\"Sad\">\n                    <\/a>\n                    <div class=\"twp-reaction-title\">\n                        Sad                    <\/div>\n                    <div class=\"twp-count-percent\">\n                                                    <span style=\"display: none;\" class=\"twp-react-count\">0<\/span>\n                                                                        <span class=\"twp-react-percent\"><span>0<\/span> %<\/span>\n                                            <\/div>\n                <\/div>\n\n                <div class=\"twp-reacts-wrap\">\n                    <a react-data=\"be-react-3\" post-id=\"3161\" class=\"be-face-icons un-reacted\" href=\"javascript:void(0)\">\n                        <img decoding=\"async\" src=\"https:\/\/radionorteatacama.cl\/wp-content\/plugins\/booster-extension\/\/assets\/icon\/excited.svg\" alt=\"Excited\">\n                    <\/a>\n                    <div class=\"twp-reaction-title\">\n                        Excited                    <\/div>\n                    <div class=\"twp-count-percent\">\n                                                    <span style=\"display: none;\" class=\"twp-react-count\">0<\/span>\n                                                                        <span class=\"twp-react-percent\"><span>0<\/span> %<\/span>\n                                            <\/div>\n                <\/div>\n\n                <div class=\"twp-reacts-wrap\">\n                    <a react-data=\"be-react-6\" post-id=\"3161\" class=\"be-face-icons un-reacted\" href=\"javascript:void(0)\">\n                        <img decoding=\"async\" src=\"https:\/\/radionorteatacama.cl\/wp-content\/plugins\/booster-extension\/\/assets\/icon\/sleepy.svg\" alt=\"Sleepy\">\n                    <\/a>\n                    <div class=\"twp-reaction-title\">\n                        Sleepy                    <\/div>\n                    <div class=\"twp-count-percent\">\n                                                    <span style=\"display: none;\" class=\"twp-react-count\">0<\/span>\n                        \n                                                <span class=\"twp-react-percent\"><span>0<\/span> %<\/span>\n                                            <\/div>\n                <\/div>\n\n                <div class=\"twp-reacts-wrap\">\n                    <a react-data=\"be-react-4\" post-id=\"3161\" class=\"be-face-icons un-reacted\" href=\"javascript:void(0)\">\n                        <img decoding=\"async\" src=\"https:\/\/radionorteatacama.cl\/wp-content\/plugins\/booster-extension\/\/assets\/icon\/angry.svg\" alt=\"Angry\">\n                    <\/a>\n                    <div class=\"twp-reaction-title\">Angry<\/div>\n                    <div class=\"twp-count-percent\">\n                                                    <span style=\"display: none;\" class=\"twp-react-count\">0<\/span>\n                                                                        <span class=\"twp-react-percent\"><span>0<\/span> %<\/span>\n                        \n                    <\/div>\n                <\/div>\n\n                <div class=\"twp-reacts-wrap\">\n                    <a react-data=\"be-react-5\" post-id=\"3161\" class=\"be-face-icons un-reacted\" href=\"javascript:void(0)\">\n                        <img decoding=\"async\" src=\"https:\/\/radionorteatacama.cl\/wp-content\/plugins\/booster-extension\/\/assets\/icon\/surprise.svg\" alt=\"Surprise\">\n                    <\/a>\n                    <div class=\"twp-reaction-title\">Surprise<\/div>\n                    <div class=\"twp-count-percent\">\n                                                    <span style=\"display: none;\" class=\"twp-react-count\">0<\/span>\n                                                                        <span class=\"twp-react-percent\"><span>0<\/span> %<\/span>\n                                            <\/div>\n                <\/div>\n\n            <\/div>\n        <\/div>\n\n    ","protected":false},"excerpt":{"rendered":"<p>Hoy martes 02 de febrero se reportan 67 nuevos casos positivos de Coronavirus en la regi\u00f3n de Atacama. 44 de los casos corresponden a la comuna de Copiap\u00f3, 8 a la comuna de Huasco, 5 a la comuna de Tierra Amarilla, 3 a la comuna de Cha\u00f1aral, 2 a la comuna de Caldera, 2 a [&hellip;]<\/p>\n","protected":false},"author":1,"featured_media":3162,"comment_status":"open","ping_status":"open","sticky":false,"template":"","format":"standard","meta":{"_joinchat":[],"footnotes":""},"categories":[1],"tags":[],"class_list":["post-3161","post","type-post","status-publish","format-standard","has-post-thumbnail","hentry","category-uncategorized"],"jetpack_featured_media_url":"https:\/\/radionorteatacama.cl\/wp-content\/uploads\/2021\/02\/canada-uk-y-eeuu-acusan-a-rusia-de-robar-informacion-de-la-vacuna-contra-el-coronavirus-1024x576-1.jpeg","blog_post_layout_featured_media_urls":{"thumbnail":["https:\/\/radionorteatacama.cl\/wp-content\/uploads\/2021\/02\/canada-uk-y-eeuu-acusan-a-rusia-de-robar-informacion-de-la-vacuna-contra-el-coronavirus-1024x576-1-150x150.jpeg",150,150,true],"full":["https:\/\/radionorteatacama.cl\/wp-content\/uploads\/2021\/02\/canada-uk-y-eeuu-acusan-a-rusia-de-robar-informacion-de-la-vacuna-contra-el-coronavirus-1024x576-1.jpeg",1024,576,false]},"categories_names":{"1":{"name":"Uncategorized","link":"https:\/\/radionorteatacama.cl\/index.php\/category\/uncategorized\/"}},"tags_names":[],"comments_number":"0","_links":{"self":[{"href":"https:\/\/radionorteatacama.cl\/index.php\/wp-json\/wp\/v2\/posts\/3161","targetHints":{"allow":["GET"]}}],"collection":[{"href":"https:\/\/radionorteatacama.cl\/index.php\/wp-json\/wp\/v2\/posts"}],"about":[{"href":"https:\/\/radionorteatacama.cl\/index.php\/wp-json\/wp\/v2\/types\/post"}],"author":[{"embeddable":true,"href":"https:\/\/radionorteatacama.cl\/index.php\/wp-json\/wp\/v2\/users\/1"}],"replies":[{"embeddable":true,"href":"https:\/\/radionorteatacama.cl\/index.php\/wp-json\/wp\/v2\/comments?post=3161"}],"version-history":[{"count":1,"href":"https:\/\/radionorteatacama.cl\/index.php\/wp-json\/wp\/v2\/posts\/3161\/revisions"}],"predecessor-version":[{"id":3163,"href":"https:\/\/radionorteatacama.cl\/index.php\/wp-json\/wp\/v2\/posts\/3161\/revisions\/3163"}],"wp:featuredmedia":[{"embeddable":true,"href":"https:\/\/radionorteatacama.cl\/index.php\/wp-json\/wp\/v2\/media\/3162"}],"wp:attachment":[{"href":"https:\/\/radionorteatacama.cl\/index.php\/wp-json\/wp\/v2\/media?parent=3161"}],"wp:term":[{"taxonomy":"category","embeddable":true,"href":"https:\/\/radionorteatacama.cl\/index.php\/wp-json\/wp\/v2\/categories?post=3161"},{"taxonomy":"post_tag","embeddable":true,"href":"https:\/\/radionorteatacama.cl\/index.php\/wp-json\/wp\/v2\/tags?post=3161"}],"curies":[{"name":"wp","href":"https:\/\/api.w.org\/{rel}","templated":true}]}}