{"id":3158,"date":"2021-02-03T02:19:37","date_gmt":"2021-02-03T02:19:37","guid":{"rendered":"http:\/\/radionorteatacama.cl\/?p=3158"},"modified":"2021-02-03T02:19:37","modified_gmt":"2021-02-03T02:19:37","slug":"sorprenden-a-supuesto-funcionario-de-serviu-atacama-paseando-en-la-playa-con-vehiculo-de-la-institucion","status":"publish","type":"post","link":"https:\/\/radionorteatacama.cl\/index.php\/2021\/02\/03\/sorprenden-a-supuesto-funcionario-de-serviu-atacama-paseando-en-la-playa-con-vehiculo-de-la-institucion\/","title":{"rendered":"Sorprenden a supuesto funcionario de Serviu Atacama \u201cpaseando\u201d en la playa con veh\u00edculo de la instituci\u00f3n"},"content":{"rendered":"<div class='booster-block booster-read-block'>\n                <div class=\"twp-read-time\">\n                \t<i class=\"booster-icon twp-clock\"><\/i> <span>Read Time:<\/span>1 Minute, 3 Second                <\/div>\n\n            <\/div>\n<p>En el registro, se puede ver al hombre, vestido con una camiseta de f\u00fatbol, acompa\u00f1ado de m\u00e1s personas dentro de un veh\u00edculo del Servicio de Vivienda y Urbanizaci\u00f3n de la regi\u00f3n de Atacama, en un balneario y aparentemente en pleno horario laboral.<\/p>\n\n\n\n<p>El funcionario, al percatarse de que estaba siendo grabado, se acerc\u00f3 a la persona, y al ser encarado por estar haciendo uso de un veh\u00edculo fiscal en la playa, el acusado se\u00f1al\u00f3 que se encontraba \u201ctrabajando\u201d.<\/p>\n\n\n\n<p>Si bien, desde el servicio p\u00fablico aludido en la pieza audiovisual, no confirmaron que la persona se desempe\u00f1a como funcionario administrativo del servicio, a trav\u00e9s de una declaraci\u00f3n p\u00fablica se\u00f1alaron que \u201cen las \u00faltimas horas, hemos tomado conocimiento de una \u201cdenuncia an\u00f3nima\u201d, a trav\u00e9s de un video en redes sociales; sobre un posible caso de mal uso de un veh\u00edculo fiscal por parte de un funcionario administrativo de nuestro Servicio\u201d.<\/p>\n\n\n\n<p>En esa misma l\u00ednea, manifestaron que se inici\u00f3 una investigaci\u00f3n sumaria para determinar las responsabilidades del caso. \u201cEl director (s) Luis Rivera D\u00edaz, ha instruido el inicio de una investigaci\u00f3n<br>sumaria, mediante Resoluci\u00f3n Exenta N\u00b0 148, de fecha 01\/02\/2021. Los detalles del caso, de car\u00e1cter reservado, son materia del sumario administrativo, a cargo de la Unidad de Contralor\u00eda Interna\u201d, se\u00f1ala el escrito.<\/p>\n        <div class=\"booster-block booster-reactions-block\">\n            <div class=\"twp-reactions-icons\">\n                \n                <div class=\"twp-reacts-wrap\">\n                    <a react-data=\"be-react-1\" post-id=\"3158\" class=\"be-face-icons un-reacted\" href=\"javascript:void(0)\">\n                        <img decoding=\"async\" src=\"https:\/\/radionorteatacama.cl\/wp-content\/plugins\/booster-extension\/\/assets\/icon\/happy.svg\" alt=\"Happy\">\n                    <\/a>\n                    <div class=\"twp-reaction-title\">\n                        Happy                    <\/div>\n                    <div class=\"twp-count-percent\">\n                                                    <span style=\"display: none;\" class=\"twp-react-count\">0<\/span>\n                        \n                                                <span class=\"twp-react-percent\"><span>0<\/span> %<\/span>\n                                            <\/div>\n                <\/div>\n\n                <div class=\"twp-reacts-wrap\">\n                    <a react-data=\"be-react-2\" post-id=\"3158\" class=\"be-face-icons un-reacted\" href=\"javascript:void(0)\">\n                        <img decoding=\"async\" src=\"https:\/\/radionorteatacama.cl\/wp-content\/plugins\/booster-extension\/\/assets\/icon\/sad.svg\" alt=\"Sad\">\n                    <\/a>\n                    <div class=\"twp-reaction-title\">\n                        Sad                    <\/div>\n                    <div class=\"twp-count-percent\">\n                                                    <span style=\"display: none;\" class=\"twp-react-count\">0<\/span>\n                                                                        <span class=\"twp-react-percent\"><span>0<\/span> %<\/span>\n                                            <\/div>\n                <\/div>\n\n                <div class=\"twp-reacts-wrap\">\n                    <a react-data=\"be-react-3\" post-id=\"3158\" class=\"be-face-icons un-reacted\" href=\"javascript:void(0)\">\n                        <img decoding=\"async\" src=\"https:\/\/radionorteatacama.cl\/wp-content\/plugins\/booster-extension\/\/assets\/icon\/excited.svg\" alt=\"Excited\">\n                    <\/a>\n                    <div class=\"twp-reaction-title\">\n                        Excited                    <\/div>\n                    <div class=\"twp-count-percent\">\n                                                    <span style=\"display: none;\" class=\"twp-react-count\">0<\/span>\n                                                                        <span class=\"twp-react-percent\"><span>0<\/span> %<\/span>\n                                            <\/div>\n                <\/div>\n\n                <div class=\"twp-reacts-wrap\">\n                    <a react-data=\"be-react-6\" post-id=\"3158\" class=\"be-face-icons un-reacted\" href=\"javascript:void(0)\">\n                        <img decoding=\"async\" src=\"https:\/\/radionorteatacama.cl\/wp-content\/plugins\/booster-extension\/\/assets\/icon\/sleepy.svg\" alt=\"Sleepy\">\n                    <\/a>\n                    <div class=\"twp-reaction-title\">\n                        Sleepy                    <\/div>\n                    <div class=\"twp-count-percent\">\n                                                    <span style=\"display: none;\" class=\"twp-react-count\">0<\/span>\n                        \n                                                <span class=\"twp-react-percent\"><span>0<\/span> %<\/span>\n                                            <\/div>\n                <\/div>\n\n                <div class=\"twp-reacts-wrap\">\n                    <a react-data=\"be-react-4\" post-id=\"3158\" class=\"be-face-icons un-reacted\" href=\"javascript:void(0)\">\n                        <img decoding=\"async\" src=\"https:\/\/radionorteatacama.cl\/wp-content\/plugins\/booster-extension\/\/assets\/icon\/angry.svg\" alt=\"Angry\">\n                    <\/a>\n                    <div class=\"twp-reaction-title\">Angry<\/div>\n                    <div class=\"twp-count-percent\">\n                                                    <span style=\"display: none;\" class=\"twp-react-count\">0<\/span>\n                                                                        <span class=\"twp-react-percent\"><span>0<\/span> %<\/span>\n                        \n                    <\/div>\n                <\/div>\n\n                <div class=\"twp-reacts-wrap\">\n                    <a react-data=\"be-react-5\" post-id=\"3158\" class=\"be-face-icons un-reacted\" href=\"javascript:void(0)\">\n                        <img decoding=\"async\" src=\"https:\/\/radionorteatacama.cl\/wp-content\/plugins\/booster-extension\/\/assets\/icon\/surprise.svg\" alt=\"Surprise\">\n                    <\/a>\n                    <div class=\"twp-reaction-title\">Surprise<\/div>\n                    <div class=\"twp-count-percent\">\n                                                    <span style=\"display: none;\" class=\"twp-react-count\">0<\/span>\n                                                                        <span class=\"twp-react-percent\"><span>0<\/span> %<\/span>\n                                            <\/div>\n                <\/div>\n\n            <\/div>\n        <\/div>\n\n    ","protected":false},"excerpt":{"rendered":"<p>En el registro, se puede ver al hombre, vestido con una camiseta de f\u00fatbol, acompa\u00f1ado de m\u00e1s personas dentro de un veh\u00edculo del Servicio de Vivienda y Urbanizaci\u00f3n de la regi\u00f3n de Atacama, en un balneario y aparentemente en pleno horario laboral. El funcionario, al percatarse de que estaba siendo grabado, se acerc\u00f3 a la [&hellip;]<\/p>\n","protected":false},"author":1,"featured_media":3159,"comment_status":"open","ping_status":"open","sticky":false,"template":"","format":"standard","meta":{"_joinchat":[],"footnotes":""},"categories":[1],"tags":[],"class_list":["post-3158","post","type-post","status-publish","format-standard","has-post-thumbnail","hentry","category-uncategorized"],"jetpack_featured_media_url":"https:\/\/radionorteatacama.cl\/wp-content\/uploads\/2021\/02\/Captura-de-pantalla-3-1024x576-1.png","blog_post_layout_featured_media_urls":{"thumbnail":["https:\/\/radionorteatacama.cl\/wp-content\/uploads\/2021\/02\/Captura-de-pantalla-3-1024x576-1-150x150.png",150,150,true],"full":["https:\/\/radionorteatacama.cl\/wp-content\/uploads\/2021\/02\/Captura-de-pantalla-3-1024x576-1.png",1024,576,false]},"categories_names":{"1":{"name":"Uncategorized","link":"https:\/\/radionorteatacama.cl\/index.php\/category\/uncategorized\/"}},"tags_names":[],"comments_number":"0","_links":{"self":[{"href":"https:\/\/radionorteatacama.cl\/index.php\/wp-json\/wp\/v2\/posts\/3158","targetHints":{"allow":["GET"]}}],"collection":[{"href":"https:\/\/radionorteatacama.cl\/index.php\/wp-json\/wp\/v2\/posts"}],"about":[{"href":"https:\/\/radionorteatacama.cl\/index.php\/wp-json\/wp\/v2\/types\/post"}],"author":[{"embeddable":true,"href":"https:\/\/radionorteatacama.cl\/index.php\/wp-json\/wp\/v2\/users\/1"}],"replies":[{"embeddable":true,"href":"https:\/\/radionorteatacama.cl\/index.php\/wp-json\/wp\/v2\/comments?post=3158"}],"version-history":[{"count":1,"href":"https:\/\/radionorteatacama.cl\/index.php\/wp-json\/wp\/v2\/posts\/3158\/revisions"}],"predecessor-version":[{"id":3160,"href":"https:\/\/radionorteatacama.cl\/index.php\/wp-json\/wp\/v2\/posts\/3158\/revisions\/3160"}],"wp:featuredmedia":[{"embeddable":true,"href":"https:\/\/radionorteatacama.cl\/index.php\/wp-json\/wp\/v2\/media\/3159"}],"wp:attachment":[{"href":"https:\/\/radionorteatacama.cl\/index.php\/wp-json\/wp\/v2\/media?parent=3158"}],"wp:term":[{"taxonomy":"category","embeddable":true,"href":"https:\/\/radionorteatacama.cl\/index.php\/wp-json\/wp\/v2\/categories?post=3158"},{"taxonomy":"post_tag","embeddable":true,"href":"https:\/\/radionorteatacama.cl\/index.php\/wp-json\/wp\/v2\/tags?post=3158"}],"curies":[{"name":"wp","href":"https:\/\/api.w.org\/{rel}","templated":true}]}}